{"id":404,"date":"2025-09-11T15:37:00","date_gmt":"2025-09-11T13:37:00","guid":{"rendered":"https:\/\/www.lycee-eca.fr\/actu\/?p=404"},"modified":"2025-09-09T17:00:50","modified_gmt":"2025-09-09T15:00:50","slug":"adieu-a-ces-produits-populaires-la-nouvelle-interdiction-de-lue-va-t-elle-impacter-le-budget-des-francais","status":"publish","type":"post","link":"https:\/\/www.lycee-eca.fr\/actu\/adieu-a-ces-produits-populaires-la-nouvelle-interdiction-de-lue-va-t-elle-impacter-le-budget-des-francais\/","title":{"rendered":"Adieu \u00e0 ces produits populaires : la nouvelle interdiction de l\u2019UE va-t-elle impacter le budget des Fran\u00e7ais ?"},"content":{"rendered":"\n<p>Les r\u00e9centes r\u00e8gles europ\u00e9ennes concernant les emballages vont graduellement modifier nos habitudes de consommation de tous les jours. Le r\u00e8glement PPWR (Packaging and Packaging Waste Regulation), en vigueur depuis le 11 f\u00e9vrier 2025, repr\u00e9sente un changement majeur dans la lutte contre les d\u00e9chets plastiques. <strong>Cette transition \u00e9cologique ambitieuse<\/strong> soul\u00e8ve cependant des questions l\u00e9gitimes sur son impact financier pour les consommateurs fran\u00e7ais.<\/p>\n\n\n\n<h2 class=\"wp-block-heading\">Impact de la r\u00e9glementation europ\u00e9enne sur les produits courants<\/h2>\n\n\n\n<p>Le r\u00e8glement PPWR marque une avanc\u00e9e significative dans la gestion des emballages au sein de l&rsquo;Union europ\u00e9enne. <strong>Cette d\u00e9marche environnementale vise sp\u00e9cifiquement les emballages \u00e0 usage unique<\/strong> tr\u00e8s r\u00e9pandus dans les secteurs de la restauration et de l&rsquo;h\u00f4tellerie. Plusieurs produits familiers sont directement touch\u00e9s :<\/p>\n\n\n\n<ul class=\"wp-block-list\">\n<li>Les sachets individuels de sucre<\/li>\n\n\n\n<li>Les portions de confiture en contenants plastiques<\/li>\n\n\n\n<li>Les mini-barquettes de beurre<\/li>\n\n\n\n<li>Les dosettes de sauce individuelles<\/li>\n\n\n\n<li>Les contenants unidoses pour condiments<\/li>\n<\/ul>\n\n\n\n<p>Cette transition vers des solutions r\u00e9utilisables ou en vrac s&rsquo;inscrit dans une strat\u00e9gie globale visant \u00e0 r\u00e9duire de 5% les d\u00e9chets d&#8217;emballages par habitant d&rsquo;ici 2030. <i>Les entreprises ont jusqu&rsquo;en 2030<\/i> pour \u00e9couler leurs stocks existants et ajuster progressivement leurs pratiques.<\/p>\n\n\n\n<p>L&rsquo;objectif principal demeure la promotion de l&rsquo;\u00e9conomie circulaire et la r\u00e9duction de l&rsquo;impact environnemental des activit\u00e9s commerciales. N\u00e9anmoins, cette \u00e9volution r\u00e9glementaire soul\u00e8ve des interrogations l\u00e9gitimes sur les implications financi\u00e8res pour les consommateurs.<\/p>\n\n\n\n<h2 class=\"wp-block-heading\">Impacts \u00e9conomiques pour les professionnels et les consommateurs<\/h2>\n\n\n\n<p>Pour les entreprises concern\u00e9es, cette r\u00e9glementation entra\u00eene des changements organisationnels importants. <strong>L&rsquo;adaptation aux nouvelles normes n\u00e9cessite des investissements cons\u00e9quents<\/strong> qui pourraient influencer leur structure de co\u00fbts :<\/p>\n\n\n\n<figure class=\"wp-block-table\"><table><thead><tr><th>Type d&rsquo;investissement<\/th><th>Impact \u00e9conomique<\/th><\/tr><\/thead><tbody><tr><td>Acquisition de contenants r\u00e9utilisables<\/td><td>Co\u00fbt initial \u00e9lev\u00e9 mais rentabilit\u00e9 \u00e0 long terme<\/td><\/tr><tr><td>R\u00e9organisation des espaces de stockage<\/td><td>D\u00e9penses d&rsquo;am\u00e9nagement ponctuelles<\/td><\/tr><tr><td>Formation du personnel<\/td><td>Investissement en ressources humaines<\/td><\/tr><tr><td>Nouvelles proc\u00e9dures d&rsquo;hygi\u00e8ne<\/td><td>Co\u00fbts op\u00e9rationnels r\u00e9currents<\/td><\/tr><\/tbody><\/table><\/figure>\n\n\n\n<p>Les mat\u00e9riaux alternatifs biod\u00e9gradables sont g\u00e9n\u00e9ralement plus co\u00fbteux que les plastiques traditionnels. <i>Cette diff\u00e9rence de prix pourrait potentiellement se r\u00e9percuter sur les tarifs propos\u00e9s aux consommateurs<\/i>, bien que l&rsquo;ampleur de cette augmentation reste \u00e0 d\u00e9terminer pr\u00e9cis\u00e9ment.<\/p>\n\n\n\n<p>Les petites structures semblent particuli\u00e8rement pr\u00e9occup\u00e9es par cette transition. Leurs principales inqui\u00e9tudes portent sur :<\/p>\n\n\n\n<ol class=\"wp-block-list\">\n<li>Le financement des investissements initiaux<\/li>\n\n\n\n<li>Les d\u00e9fis logistiques li\u00e9s \u00e0 la gestion des contenants r\u00e9utilisables<\/li>\n\n\n\n<li>Les questions d&rsquo;hygi\u00e8ne et de conformit\u00e9 sanitaire<\/li>\n\n\n\n<li>L&rsquo;impact sur leur comp\u00e9titivit\u00e9 par rapport aux grandes enseignes mieux pourvues<\/li>\n<\/ol>\n\n\n\n<h2 class=\"wp-block-heading\">\u00c9volution des habitudes de consommation<\/h2>\n\n\n\n<p>Au-del\u00e0 des consid\u00e9rations financi\u00e8res, cette r\u00e9glementation entra\u00eene un changement profond des pratiques de consommation. <strong>Les Fran\u00e7ais devront s&rsquo;habituer \u00e0 de nouveaux modes de service<\/strong> dans leurs lieux habituels : utilisation de sucriers communs, pots de confiture partag\u00e9s ou sauces servies \u00e0 la cuill\u00e8re plut\u00f4t qu&rsquo;en sachets individuels.<\/p>\n\n\n\n<p>Si l&rsquo;adh\u00e9sion aux principes \u00e9cologiques semble largement partag\u00e9e en France, <i>la transition vers ces nouvelles pratiques n\u00e9cessitera un temps d&rsquo;adaptation<\/i>. L&rsquo;acceptation de ces changements d\u00e9pendra en grande partie de leur impact financier per\u00e7u.<\/p>\n\n\n\n<p>La sensibilisation croissante des consommateurs \u00e0 l&rsquo;environnement pourrait faciliter cette transition, surtout si les \u00e9tablissements parviennent \u00e0 communiquer efficacement sur les avantages \u00e9cologiques des nouvelles pratiques tout en maintenant des prix abordables.<\/p>\n\n\n\n<p>Cette \u00e9volution progressive de notre rapport aux emballages jetables refl\u00e8te la volont\u00e9 europ\u00e9enne d&rsquo;int\u00e9grer la durabilit\u00e9 au c\u0153ur des pr\u00e9occupations \u00e9conomiques, m\u00eame si cela implique de revoir certaines habitudes profond\u00e9ment enracin\u00e9es dans notre quotidien.<\/p>\n","protected":false},"excerpt":{"rendered":"<p>Les r\u00e9centes r\u00e8gles europ\u00e9ennes concernant les emballages vont graduellement modifier nos habitudes de consommation de tous les jours. Le r\u00e8glement PPWR (Packaging and Packaging Waste Regulation), en vigueur depuis le 11 f\u00e9vrier 2025, repr\u00e9sente un changement majeur dans la lutte contre les d\u00e9chets plastiques. Cette transition \u00e9cologique ambitieuse soul\u00e8ve cependant des questions l\u00e9gitimes sur son [&hellip;]<\/p>\n","protected":false},"author":2,"featured_media":405,"comment_status":"open","ping_status":"open","sticky":false,"template":"","format":"standard","meta":{"_seopress_robots_primary_cat":"","_seopress_titles_title":"","_seopress_titles_desc":"","_seopress_robots_index":"","footnotes":""},"categories":[8],"tags":[],"class_list":{"0":"post-404","1":"post","2":"type-post","3":"status-publish","4":"format-standard","5":"has-post-thumbnail","7":"category-consommation"},"_links":{"self":[{"href":"https:\/\/www.lycee-eca.fr\/actu\/wp-json\/wp\/v2\/posts\/404","targetHints":{"allow":["GET"]}}],"collection":[{"href":"https:\/\/www.lycee-eca.fr\/actu\/wp-json\/wp\/v2\/posts"}],"about":[{"href":"https:\/\/www.lycee-eca.fr\/actu\/wp-json\/wp\/v2\/types\/post"}],"author":[{"embeddable":true,"href":"https:\/\/www.lycee-eca.fr\/actu\/wp-json\/wp\/v2\/users\/2"}],"replies":[{"embeddable":true,"href":"https:\/\/www.lycee-eca.fr\/actu\/wp-json\/wp\/v2\/comments?post=404"}],"version-history":[{"count":1,"href":"https:\/\/www.lycee-eca.fr\/actu\/wp-json\/wp\/v2\/posts\/404\/revisions"}],"predecessor-version":[{"id":1280,"href":"https:\/\/www.lycee-eca.fr\/actu\/wp-json\/wp\/v2\/posts\/404\/revisions\/1280"}],"wp:featuredmedia":[{"embeddable":true,"href":"https:\/\/www.lycee-eca.fr\/actu\/wp-json\/wp\/v2\/media\/405"}],"wp:attachment":[{"href":"https:\/\/www.lycee-eca.fr\/actu\/wp-json\/wp\/v2\/media?parent=404"}],"wp:term":[{"taxonomy":"category","embeddable":true,"href":"https:\/\/www.lycee-eca.fr\/actu\/wp-json\/wp\/v2\/categories?post=404"},{"taxonomy":"post_tag","embeddable":true,"href":"https:\/\/www.lycee-eca.fr\/actu\/wp-json\/wp\/v2\/tags?post=404"}],"curies":[{"name":"wp","href":"https:\/\/api.w.org\/{rel}","templated":true}]}}