{"id":428,"date":"2025-09-18T11:45:00","date_gmt":"2025-09-18T09:45:00","guid":{"rendered":"https:\/\/www.lycee-eca.fr\/actu\/?p=428"},"modified":"2025-09-18T00:28:55","modified_gmt":"2025-09-17T22:28:55","slug":"chaque-gorgee-de-cette-boisson-populaire-augmente-le-risque-de-cancer-selon-un-chercheur","status":"publish","type":"post","link":"https:\/\/www.lycee-eca.fr\/actu\/chaque-gorgee-de-cette-boisson-populaire-augmente-le-risque-de-cancer-selon-un-chercheur\/","title":{"rendered":"Chaque gorg\u00e9e de cette boisson populaire augmente le risque de cancer selon un chercheur"},"content":{"rendered":"\n<p>La consommation d&rsquo;alcool est souvent sous-estim\u00e9e en termes de dangerosit\u00e9 dans notre soci\u00e9t\u00e9. D&rsquo;apr\u00e8s Pranoti Mandrekar, professeur \u00e0 la facult\u00e9 de m\u00e9decine Chan de l&rsquo;universit\u00e9 du Massachusetts, <strong>chaque gorg\u00e9e d&rsquo;alcool accro\u00eet progressivement le risque de d\u00e9velopper un cancer<\/strong>. Cette d\u00e9claration, \u00e9tay\u00e9e par des \u00e9tudes scientifiques rigoureuses, remet en question certaines id\u00e9es re\u00e7ues sur la consommation \u00ab\u00a0mod\u00e9r\u00e9e\u00a0\u00bb d&rsquo;alcool.<\/p>\n\n\n\n<h2 class=\"wp-block-heading\">Les m\u00e9canismes biologiques associant l&rsquo;alcool au cancer<\/h2>\n\n\n\n<p>L&rsquo;alcool agit comme un poison cellulaire d\u00e8s son absorption. Une fois dans l&rsquo;organisme, il se m\u00e9tamorphose en ac\u00e9tald\u00e9hyde, <strong>une substance extr\u00eamement toxique capable d&rsquo;endommager directement l&rsquo;ADN<\/strong>. Ces alt\u00e9rations g\u00e9n\u00e9tiques peuvent entra\u00eener des mutations cellulaires incontr\u00f4l\u00e9es, premi\u00e8re \u00e9tape du processus canc\u00e9reux.<\/p>\n\n\n\n<p>Les recherches du professeur Mandrekar r\u00e9v\u00e8lent \u00e9galement que l&rsquo;alcool produit des radicaux libres perturbant le m\u00e9tabolisme prot\u00e9ique. Ce dysfonctionnement d\u00e9clenche <em>des processus inflammatoires chroniques favorisant la croissance tumorale<\/em>. De plus, cette boisson modifie l&rsquo;\u00e9quilibre hormonal en augmentant les \u0153strog\u00e8nes tout en r\u00e9duisant la vitamine A, deux facteurs impliqu\u00e9s dans le cancer du sein.<\/p>\n\n\n\n<p>Le risque est nettement plus \u00e9lev\u00e9 chez les fumeurs. L&rsquo;association alcool-tabac cr\u00e9e un effet synergique particuli\u00e8rement d\u00e9l\u00e9t\u00e8re :<\/p>\n\n\n\n<ul class=\"wp-block-list\">\n<li>Facilitation de l&rsquo;absorption des agents canc\u00e9rig\u00e8nes du tabac<\/li>\n\n\n\n<li>Augmentation de la perm\u00e9abilit\u00e9 des muqueuses<\/li>\n\n\n\n<li>Potentialisation mutuelle des effets toxiques<\/li>\n\n\n\n<li>Amplification des dommages cellulaires<\/li>\n<\/ul>\n\n\n\n<h2 class=\"wp-block-heading\">L&rsquo;impact sanitaire m\u00e9connu de cette boisson<\/h2>\n\n\n\n<p>Les chiffres sont \u00e9loquents et mettent en lumi\u00e8re l&rsquo;ampleur du probl\u00e8me. Aux \u00c9tats-Unis, <strong>l&rsquo;alcool est impliqu\u00e9 dans environ 100 000 cas de cancer et entra\u00eene 20 000 d\u00e9c\u00e8s chaque ann\u00e9e<\/strong>. La situation en France n&rsquo;est gu\u00e8re plus r\u00e9jouissante avec 49 000 d\u00e9c\u00e8s li\u00e9s \u00e0 l&rsquo;alcool recens\u00e9s annuellement.<\/p>\n\n\n\n<p>Malgr\u00e9 ces statistiques alarmantes, la perception du risque demeure floue pour la plupart des gens. Une enqu\u00eate r\u00e9alis\u00e9e en 2019 r\u00e9v\u00e9lait que <em>moins d&rsquo;un adulte am\u00e9ricain sur deux \u00e9tait conscient du lien entre alcool et cancer<\/em>. Cette m\u00e9connaissance constitue un v\u00e9ritable enjeu de sant\u00e9 publique, d&rsquo;autant plus que la consommation d&rsquo;alcool \u00e9tait d\u00e9j\u00e0 en augmentation avant la pand\u00e9mie de COVID-19.<\/p>\n\n\n\n<figure class=\"wp-block-table\"><table class=\"has-fixed-layout\"><tbody><tr><th>Type de cancer<\/th><th>Niveau de risque associ\u00e9 \u00e0 l&rsquo;alcool<\/th><\/tr><tr><td>Bouche et gorge<\/td><td>Tr\u00e8s \u00e9lev\u00e9<\/td><\/tr><tr><td>\u0152sophage<\/td><td>Tr\u00e8s \u00e9lev\u00e9<\/td><\/tr><tr><td>Foie<\/td><td>\u00c9lev\u00e9<\/td><\/tr><tr><td>Sein<\/td><td>Mod\u00e9r\u00e9 \u00e0 \u00e9lev\u00e9<\/td><\/tr><tr><td>C\u00f4lon<\/td><td>Mod\u00e9r\u00e9<\/td><\/tr><\/tbody><\/table><\/figure>\n\n\n\n<h2 class=\"wp-block-heading\">Le mythe de la consommation sans risque<\/h2>\n\n\n\n<p>\u00ab\u00a0La question de savoir quelle quantit\u00e9 d&rsquo;alcool est sans danger reste complexe\u00a0\u00bb, affirme le professeur Mandrekar. La r\u00e9ponse des experts est claire mais souvent difficile \u00e0 admettre : <strong>aucune quantit\u00e9 d&rsquo;alcool n&rsquo;est totalement d\u00e9nu\u00e9e de risque<\/strong>. Cette position scientifique contredit fermement les id\u00e9es re\u00e7ues sur les suppos\u00e9s bienfaits d&rsquo;une consommation occasionnelle.<\/p>\n\n\n\n<p>Le risque de cancer commence d\u00e8s la premi\u00e8re gorg\u00e9e, sans qu&rsquo;un seuil de protection ne soit identifi\u00e9. La vuln\u00e9rabilit\u00e9 individuelle d\u00e9pend d&rsquo;une combinaison de facteurs personnels :<\/p>\n\n\n\n<ol class=\"wp-block-list\">\n<li>Pr\u00e9dispositions g\u00e9n\u00e9tiques<\/li>\n\n\n\n<li>Habitudes alimentaires<\/li>\n\n\n\n<li>Mode de vie global<\/li>\n\n\n\n<li>\u00c9tat de sant\u00e9 g\u00e9n\u00e9ral<\/li>\n\n\n\n<li>Exposition \u00e0 d&rsquo;autres agents canc\u00e9rig\u00e8nes<\/li>\n<\/ol>\n\n\n\n<p>Cette complexit\u00e9 rend impossible une \u00e9valuation pr\u00e9cise du risque pour chaque individu. Cependant, <em>r\u00e9duire sa consommation reste toujours b\u00e9n\u00e9fique<\/em>, m\u00eame sans conna\u00eetre son niveau exact de vuln\u00e9rabilit\u00e9. Chaque diminution constitue un pas vers une meilleure protection \u00e0 long terme.<\/p>\n\n\n\n<p>Adopter une approche prudente vis-\u00e0-vis de l&rsquo;alcool ne signifie pas n\u00e9cessairement l&rsquo;abstinence totale, mais implique une prise de conscience et des d\u00e9cisions \u00e9clair\u00e9es. Repenser notre rapport \u00e0 cette boisson profond\u00e9ment ancr\u00e9e dans nos habitudes sociales repr\u00e9sente un d\u00e9fi majeur pour la sant\u00e9 publique dans les ann\u00e9es \u00e0 venir.<\/p>\n","protected":false},"excerpt":{"rendered":"<p>La consommation d&rsquo;alcool est souvent sous-estim\u00e9e en termes de dangerosit\u00e9 dans notre soci\u00e9t\u00e9. D&rsquo;apr\u00e8s Pranoti Mandrekar, professeur \u00e0 la facult\u00e9 de m\u00e9decine Chan de l&rsquo;universit\u00e9 du Massachusetts, chaque gorg\u00e9e d&rsquo;alcool accro\u00eet progressivement le risque de d\u00e9velopper un cancer. Cette d\u00e9claration, \u00e9tay\u00e9e par des \u00e9tudes scientifiques rigoureuses, remet en question certaines id\u00e9es re\u00e7ues sur la consommation [&hellip;]<\/p>\n","protected":false},"author":2,"featured_media":429,"comment_status":"open","ping_status":"open","sticky":false,"template":"","format":"standard","meta":{"_seopress_robots_primary_cat":"","_seopress_titles_title":"","_seopress_titles_desc":"","_seopress_robots_index":"","footnotes":""},"categories":[8],"tags":[],"class_list":{"0":"post-428","1":"post","2":"type-post","3":"status-publish","4":"format-standard","5":"has-post-thumbnail","7":"category-consommation"},"_links":{"self":[{"href":"https:\/\/www.lycee-eca.fr\/actu\/wp-json\/wp\/v2\/posts\/428","targetHints":{"allow":["GET"]}}],"collection":[{"href":"https:\/\/www.lycee-eca.fr\/actu\/wp-json\/wp\/v2\/posts"}],"about":[{"href":"https:\/\/www.lycee-eca.fr\/actu\/wp-json\/wp\/v2\/types\/post"}],"author":[{"embeddable":true,"href":"https:\/\/www.lycee-eca.fr\/actu\/wp-json\/wp\/v2\/users\/2"}],"replies":[{"embeddable":true,"href":"https:\/\/www.lycee-eca.fr\/actu\/wp-json\/wp\/v2\/comments?post=428"}],"version-history":[{"count":1,"href":"https:\/\/www.lycee-eca.fr\/actu\/wp-json\/wp\/v2\/posts\/428\/revisions"}],"predecessor-version":[{"id":1407,"href":"https:\/\/www.lycee-eca.fr\/actu\/wp-json\/wp\/v2\/posts\/428\/revisions\/1407"}],"wp:featuredmedia":[{"embeddable":true,"href":"https:\/\/www.lycee-eca.fr\/actu\/wp-json\/wp\/v2\/media\/429"}],"wp:attachment":[{"href":"https:\/\/www.lycee-eca.fr\/actu\/wp-json\/wp\/v2\/media?parent=428"}],"wp:term":[{"taxonomy":"category","embeddable":true,"href":"https:\/\/www.lycee-eca.fr\/actu\/wp-json\/wp\/v2\/categories?post=428"},{"taxonomy":"post_tag","embeddable":true,"href":"https:\/\/www.lycee-eca.fr\/actu\/wp-json\/wp\/v2\/tags?post=428"}],"curies":[{"name":"wp","href":"https:\/\/api.w.org\/{rel}","templated":true}]}}