{"id":472,"date":"2025-09-12T16:31:00","date_gmt":"2025-09-12T14:31:00","guid":{"rendered":"https:\/\/www.lycee-eca.fr\/actu\/?p=472"},"modified":"2025-09-09T17:00:57","modified_gmt":"2025-09-09T15:00:57","slug":"hlm-le-logement-social-a-vie-cest-fini-cette-mesure-qui-inquiete-les-locataires","status":"publish","type":"post","link":"https:\/\/www.lycee-eca.fr\/actu\/hlm-le-logement-social-a-vie-cest-fini-cette-mesure-qui-inquiete-les-locataires\/","title":{"rendered":"HLM : le \u00ab\u00a0logement social \u00e0 vie\u00a0\u00bb c&rsquo;est fini ? Cette mesure qui inqui\u00e8te les locataires"},"content":{"rendered":"<p>Les locataires de logements sociaux expriment de fortes inqui\u00e9tudes face \u00e0 la r\u00e9forme des HLM. Une proposition de loi pr\u00e9sent\u00e9e par les d\u00e9put\u00e9s St\u00e9phane Vojetta et Guillaume Kasbarian remet en question le concept de \u00ab\u00a0logement social \u00e0 vie\u00a0\u00bb. Avec deux millions de m\u00e9nages en attente de logements sociaux, l&rsquo;objectif de cette initiative est de faciliter l&rsquo;acc\u00e8s au parc social en renfor\u00e7ant les contr\u00f4les sur les ressources des locataires actuels.<\/p>\n<h2>\u00c9volution vers la fin du logement social permanent<\/h2>\n<p>Le syst\u00e8me fran\u00e7ais de logement social est confront\u00e9 \u00e0 une crise majeure caract\u00e9ris\u00e9e par une demande croissante et un taux de rotation insuffisant. Guillaume Kasbarian, ancien ministre du Logement, affirme que <strong>le logement social ne doit plus \u00eatre consid\u00e9r\u00e9 comme un droit acquis ind\u00e9finiment<\/strong> mais comme une ressource prioritairement destin\u00e9e aux m\u00e9nages modestes.<\/p>\n<p>Actuellement, les bailleurs sociaux v\u00e9rifient chaque ann\u00e9e si leurs locataires respectent les plafonds de revenus autoris\u00e9s. En cas de d\u00e9passement de 20% du seuil maximal, un suppl\u00e9ment de loyer est appliqu\u00e9. Cependant, ce dispositif se r\u00e9v\u00e8le insuffisant pour lib\u00e9rer des logements.<\/p>\n<p>La proposition de loi envisage d&rsquo;appliquer une augmentation de loyer d\u00e8s le premier euro de d\u00e9passement du plafond de ressources, avec une limite fix\u00e9e \u00e0 30% des revenus annuels du locataire. Cette mesure pourrait <em>consid\u00e9rablement alourdir la charge financi\u00e8re de nombreux foyers<\/em> dont les revenus se situent juste au-dessus des seuils.<\/p>\n<h2>Renforcement des conditions de maintien dans les logements<\/h2>\n<p>Le texte l\u00e9gislatif pr\u00e9voit des mesures beaucoup plus strictes que le syst\u00e8me actuel. Si les revenus d&rsquo;un m\u00e9nage d\u00e9passent de 120% le plafond autoris\u00e9 pendant deux ann\u00e9es cons\u00e9cutives, le locataire pourrait \u00eatre contraint de quitter son logement social. Ce seuil \u00e9tait auparavant fix\u00e9 \u00e0 150%, ce qui repr\u00e9sente une diminution significative des crit\u00e8res de tol\u00e9rance.<\/p>\n<p>Selon les analyses, les principales cat\u00e9gories touch\u00e9es par ces possibles expulsions seraient :<\/p>\n<ul>\n<li>Les couples avec enfants en province et r\u00e9gion parisienne<\/li>\n<li>Les personnes c\u00e9libataires dans toutes les zones g\u00e9ographiques<\/li>\n<li>Les familles monoparentales dont les revenus ont augment\u00e9<\/li>\n<li>Les jeunes m\u00e9nages ayant b\u00e9n\u00e9fici\u00e9 d&rsquo;une progression professionnelle favorable<\/li>\n<\/ul>\n<p>En ce qui concerne les hausses de loyers, ce sont <strong>principalement les couples avec un ou deux enfants<\/strong> qui risquent d&rsquo;\u00eatre impact\u00e9s, leur situation financi\u00e8re se situant souvent dans la zone interm\u00e9diaire vis\u00e9e par la r\u00e9forme.<\/p>\n<h2>Surveillance renforc\u00e9e du patrimoine<\/h2>\n<p>La proposition introduit \u00e9galement une nouveaut\u00e9 majeure : la prise en compte du patrimoine global des locataires. D\u00e9sormais, la possession d&rsquo;un bien immobilier ou d&rsquo;une \u00e9pargne cons\u00e9quente, notamment suite \u00e0 un h\u00e9ritage, devra \u00eatre signal\u00e9e au bailleur social.<\/p>\n<p>Celui-ci pourrait alors mettre fin au bail HLM si ces \u00e9l\u00e9ments patrimoniaux sont jug\u00e9s incompatibles avec l&rsquo;occupation d&rsquo;un logement social. Cette mesure vise \u00e0 <em>identifier les locataires disposant de ressources alternatives significatives<\/em> tout en occupant un logement destin\u00e9 aux personnes en situation pr\u00e9caire.<\/p>\n<table border=\"1\">\n<tr>\n<th>Cat\u00e9gorie de locataires<\/th>\n<th>Protection face \u00e0 la r\u00e9forme<\/th>\n<\/tr>\n<tr>\n<td>Personnes \u00e2g\u00e9es de 65 ans et plus<\/td>\n<td>Exempt\u00e9es des nouvelles mesures<\/td>\n<\/tr>\n<tr>\n<td>Personnes en situation de handicap<\/td>\n<td>Non concern\u00e9es par les expulsions<\/td>\n<\/tr>\n<tr>\n<td>Locataires ayant \u00e0 charge une personne handicap\u00e9e<\/td>\n<td>Prot\u00e9g\u00e9s par des clauses d\u00e9rogatoires<\/td>\n<\/tr>\n<tr>\n<td>Autres locataires<\/td>\n<td>Pleinement soumis aux nouvelles r\u00e8gles<\/td>\n<\/tr>\n<\/table>\n<p>Cependant, le projet pr\u00e9voit des exceptions importantes pour <strong>certaines cat\u00e9gories de locataires vuln\u00e9rables<\/strong>. Les personnes \u00e2g\u00e9es de plus de 65 ans, celles en situation de handicap ou ayant \u00e0 charge une personne handicap\u00e9e b\u00e9n\u00e9ficieraient d&rsquo;une protection sp\u00e9cifique et ne seraient pas affect\u00e9es par ces mesures restrictives.<\/p>\n<h2>Les implications sociales d&rsquo;une r\u00e9forme controvers\u00e9e<\/h2>\n<p>Cette r\u00e9forme soul\u00e8ve de nombreuses interrogations sur l&rsquo;\u00e9quilibre entre la n\u00e9cessaire fluidification du parc HLM et la pr\u00e9servation de la mixit\u00e9 sociale. En ciblant les locataires dont les revenus ont augment\u00e9, le l\u00e9gislateur risque d&rsquo;acc\u00e9l\u00e9rer le d\u00e9part des classes moyennes des quartiers d&rsquo;habitat social.<\/p>\n<p>La proposition intervient dans un contexte de crise du logement particuli\u00e8rement aigu\u00eb, o\u00f9 l&rsquo;acc\u00e8s \u00e0 la propri\u00e9t\u00e9 et au march\u00e9 locatif priv\u00e9 reste difficile pour de nombreux m\u00e9nages. Les associations de locataires critiquent une approche purement comptable qui ne prend pas en compte les r\u00e9alit\u00e9s du march\u00e9 immobilier et des parcours r\u00e9sidentiels.<\/p>\n<p>Le texte doit encore suivre l&rsquo;ensemble du processus l\u00e9gislatif avant d&rsquo;\u00eatre \u00e9ventuellement adopt\u00e9. Son impact r\u00e9el d\u00e9pendra largement des modalit\u00e9s d&rsquo;application qui seront d\u00e9finies et de la capacit\u00e9 des bailleurs sociaux \u00e0 mettre en \u0153uvre ces nouvelles dispositions.<\/p>\n","protected":false},"excerpt":{"rendered":"<p>Les locataires de logements sociaux expriment de fortes inqui\u00e9tudes face \u00e0 la r\u00e9forme des HLM. Une proposition de loi pr\u00e9sent\u00e9e par les d\u00e9put\u00e9s St\u00e9phane Vojetta et Guillaume Kasbarian remet en question le concept de \u00ab\u00a0logement social \u00e0 vie\u00a0\u00bb. Avec deux millions de m\u00e9nages en attente de logements sociaux, l&rsquo;objectif de cette initiative est de faciliter [&hellip;]<\/p>\n","protected":false},"author":2,"featured_media":473,"comment_status":"open","ping_status":"open","sticky":false,"template":"","format":"standard","meta":{"_seopress_robots_primary_cat":"","_seopress_titles_title":"","_seopress_titles_desc":"","_seopress_robots_index":"","footnotes":""},"categories":[12],"tags":[],"class_list":{"0":"post-472","1":"post","2":"type-post","3":"status-publish","4":"format-standard","5":"has-post-thumbnail","7":"category-loisirs"},"_links":{"self":[{"href":"https:\/\/www.lycee-eca.fr\/actu\/wp-json\/wp\/v2\/posts\/472","targetHints":{"allow":["GET"]}}],"collection":[{"href":"https:\/\/www.lycee-eca.fr\/actu\/wp-json\/wp\/v2\/posts"}],"about":[{"href":"https:\/\/www.lycee-eca.fr\/actu\/wp-json\/wp\/v2\/types\/post"}],"author":[{"embeddable":true,"href":"https:\/\/www.lycee-eca.fr\/actu\/wp-json\/wp\/v2\/users\/2"}],"replies":[{"embeddable":true,"href":"https:\/\/www.lycee-eca.fr\/actu\/wp-json\/wp\/v2\/comments?post=472"}],"version-history":[{"count":1,"href":"https:\/\/www.lycee-eca.fr\/actu\/wp-json\/wp\/v2\/posts\/472\/revisions"}],"predecessor-version":[{"id":1291,"href":"https:\/\/www.lycee-eca.fr\/actu\/wp-json\/wp\/v2\/posts\/472\/revisions\/1291"}],"wp:featuredmedia":[{"embeddable":true,"href":"https:\/\/www.lycee-eca.fr\/actu\/wp-json\/wp\/v2\/media\/473"}],"wp:attachment":[{"href":"https:\/\/www.lycee-eca.fr\/actu\/wp-json\/wp\/v2\/media?parent=472"}],"wp:term":[{"taxonomy":"category","embeddable":true,"href":"https:\/\/www.lycee-eca.fr\/actu\/wp-json\/wp\/v2\/categories?post=472"},{"taxonomy":"post_tag","embeddable":true,"href":"https:\/\/www.lycee-eca.fr\/actu\/wp-json\/wp\/v2\/tags?post=472"}],"curies":[{"name":"wp","href":"https:\/\/api.w.org\/{rel}","templated":true}]}}