{"id":474,"date":"2025-09-11T16:35:00","date_gmt":"2025-09-11T14:35:00","guid":{"rendered":"https:\/\/www.lycee-eca.fr\/actu\/?p=474"},"modified":"2025-09-09T17:00:50","modified_gmt":"2025-09-09T15:00:50","slug":"la-plus-belle-plage-de-france-nest-ni-en-corse-ni-sur-la-cote-dazur-voici-ou-elle-se-trouve","status":"publish","type":"post","link":"https:\/\/www.lycee-eca.fr\/actu\/la-plus-belle-plage-de-france-nest-ni-en-corse-ni-sur-la-cote-dazur-voici-ou-elle-se-trouve\/","title":{"rendered":"\u00ab\u00a0La plus belle plage de France\u00a0\u00bb n&rsquo;est ni en Corse, ni sur la C\u00f4te d&rsquo;Azur&#8230; Voici o\u00f9 elle se trouve"},"content":{"rendered":"\n<p>D\u00e9couvrir la plage la plus magnifique de France peut souvent remettre en question nos pr\u00e9jug\u00e9s. Alors que l&rsquo;on pense imm\u00e9diatement aux criques corses aux eaux turquoise ou aux rivages prestigieux de la C\u00f4te d&rsquo;Azur, un r\u00e9cent classement vient changer la donne. Cette r\u00e9v\u00e9lation perturbe l&rsquo;ordre habituel des destinations baln\u00e9aires fran\u00e7aises les plus pris\u00e9es.<\/p>\n\n\n\n<h2 class=\"wp-block-heading\">Une r\u00e9v\u00e9lation dans le nord qui surpasse les destinations traditionnelles<\/h2>\n\n\n\n<p>Contre toute attente, la plage \u00e9lue la plus belle de France se situe loin des circuits touristiques classiques. Le Cap Blanc-Nez, dans le Pas-de-Calais, a remport\u00e9 la premi\u00e8re place avec un score impressionnant de 90,2 sur 100. <strong>Cette distinction inattendue remet en question nos perceptions des joyaux baln\u00e9aires fran\u00e7ais<\/strong>, d\u00e9montrant que la beaut\u00e9 peut se trouver l\u00e0 o\u00f9 on ne l&rsquo;attend pas.<\/p>\n\n\n\n<p>Cette r\u00e9v\u00e9lation provient d&rsquo;une \u00e9tude r\u00e9alis\u00e9e par DFDS, une compagnie de ferries, et relay\u00e9e par Le Journal des Femmes. L&rsquo;enqu\u00eate, bas\u00e9e sur l&rsquo;analyse de plus de 5 000 avis Google, a d\u00e9termin\u00e9 les plages les plus remarquables selon trois crit\u00e8res essentiels :<\/p>\n\n\n\n<ul class=\"wp-block-list\">\n<li>Le caract\u00e8re pittoresque du site<\/li>\n<li>La tranquillit\u00e9 des lieux<\/li>\n<li>La qualit\u00e9 exceptionnelle de l&rsquo;eau<\/li>\n<\/ul>\n\n\n\n<p>Le r\u00e9sultat bouleverse la hi\u00e9rarchie habituelle, avec des destinations embl\u00e9matiques comme Nice et Saint-Tropez se classant respectivement huiti\u00e8me et neuvi\u00e8me du classement.<\/p>\n\n\n\n<h2 class=\"wp-block-heading\">Les points forts uniques du Cap Blanc-Nez qui ont s\u00e9duit les internautes<\/h2>\n\n\n\n<p>Ce qui distingue v\u00e9ritablement le Cap Blanc-Nez des autres plages fran\u00e7aises, c&rsquo;est son <strong>caract\u00e8re sauvage et pr\u00e9serv\u00e9, loin de l&rsquo;agitation touristique<\/strong>. Ici, pas de clubs de plage, d&rsquo;influenceurs \u00e0 la recherche de la photo parfaite ou de rang\u00e9es de matelas align\u00e9s sur le sable. La plage offre une exp\u00e9rience authentique o\u00f9 la nature est reine.<\/p>\n\n\n\n<p>Les falaises spectaculaires qui entourent le site offrent un cadre grandiose, et par temps clair, il est m\u00eame possible d&rsquo;apercevoir les c\u00f4tes anglaises \u00e0 l&rsquo;horizon. <em>L&rsquo;absence de structures commerciales et touristiques contribue \u00e0 pr\u00e9server l&rsquo;int\u00e9grit\u00e9 de ce paysage exceptionnel<\/em>, offrant aux visiteurs une pause sereine.<\/p>\n\n\n\n<p>Le tableau ci-dessous met en \u00e9vidence les diff\u00e9rences entre cette perle du Nord et les plages traditionnelles du Sud :<\/p>\n\n\n\n<figure class=\"wp-block-table\">\n<table class=\"has-fixed-layout\">\n<tbody>\n<tr>\n<th>Caract\u00e9ristiques<\/th>\n<th>Cap Blanc-Nez (Pas-de-Calais)<\/th>\n<th>Plages typiques du Sud<\/th>\n<\/tr>\n<tr>\n<td>Ambiance<\/td>\n<td>Naturelle et paisible<\/td>\n<td>Anim\u00e9e et festive<\/td>\n<\/tr>\n<tr>\n<td>Affluence<\/td>\n<td>Mod\u00e9r\u00e9e, espace pr\u00e9serv\u00e9<\/td>\n<td>Souvent bond\u00e9e en saison<\/td>\n<\/tr>\n<tr>\n<td>Paysage<\/td>\n<td>Falaises majestueuses, horizon d\u00e9gag\u00e9<\/td>\n<td>Cadre souvent urbanis\u00e9<\/td>\n<\/tr>\n<tr>\n<td>Authenticit\u00e9<\/td>\n<td>Pr\u00e9serv\u00e9e, sans artifices<\/td>\n<td>Parfois alt\u00e9r\u00e9e par le tourisme de masse<\/td>\n<\/tr>\n<\/tbody>\n<\/table>\n<\/figure>\n\n\n\n<h2 class=\"wp-block-heading\">Le nouveau classement des plages fran\u00e7aises qui redessine la carte baln\u00e9aire<\/h2>\n\n\n\n<p>Au-del\u00e0 de la victoire surprenante du Cap Blanc-Nez, ce classement r\u00e9v\u00e8le d&rsquo;autres joyaux m\u00e9connus du littoral fran\u00e7ais. <strong>La plage du Grand Crohot au Ferret<\/strong>, pris\u00e9e des Bordelais, se classe deuxi\u00e8me, tandis que Riva Bella en Normandie compl\u00e8te le podium en troisi\u00e8me position.<\/p>\n\n\n\n<p>Cette nouvelle cartographie des plus belles plages fran\u00e7aises invite \u00e0 d\u00e9couvrir des rivages moins fr\u00e9quent\u00e9s mais tout aussi remarquables. Pour les amateurs de baignades respectueuses de l&rsquo;environnement, la plage Sud de Lacanau Oc\u00e9an (\u00e9galement connue sous le nom de plage des \u00c9cureuils) a \u00e9t\u00e9 d\u00e9sign\u00e9e comme la plus saine de France par le classement de La Belle Plage.<\/p>\n\n\n\n<p>Ces r\u00e9sultats refl\u00e8tent une \u00e9volution des attentes des vacanciers, de plus en plus sensibles \u00e0 l&rsquo;authenticit\u00e9 des lieux et \u00e0 la pr\u00e9servation de l&rsquo;environnement. <em>La recherche d&rsquo;exp\u00e9riences baln\u00e9aires plus naturelles et moins commerciales semble orienter les nouvelles tendances touristiques<\/em>, comme en t\u00e9moigne la premi\u00e8re place attribu\u00e9e au Cap Blanc-Nez.<\/p>\n\n\n\n<p>Finalement, cette reconnaissance inattendue nous rappelle que les v\u00e9ritables tr\u00e9sors ne se trouvent pas toujours l\u00e0 o\u00f9 on les imagine, et qu&rsquo;il suffit parfois de lever les yeux plus haut sur la carte pour d\u00e9couvrir des merveilles insoup\u00e7onn\u00e9es.<\/p>\n","protected":false},"excerpt":{"rendered":"<p>D\u00e9couvrir la plage la plus magnifique de France peut souvent remettre en question nos pr\u00e9jug\u00e9s. Alors que l&rsquo;on pense imm\u00e9diatement aux criques corses aux eaux turquoise ou aux rivages prestigieux de la C\u00f4te d&rsquo;Azur, un r\u00e9cent classement vient changer la donne. Cette r\u00e9v\u00e9lation perturbe l&rsquo;ordre habituel des destinations baln\u00e9aires fran\u00e7aises les plus pris\u00e9es. Une r\u00e9v\u00e9lation [&hellip;]<\/p>\n","protected":false},"author":2,"featured_media":475,"comment_status":"open","ping_status":"open","sticky":false,"template":"","format":"standard","meta":{"_seopress_robots_primary_cat":"","_seopress_titles_title":"","_seopress_titles_desc":"","_seopress_robots_index":"","footnotes":""},"categories":[7],"tags":[],"class_list":{"0":"post-474","1":"post","2":"type-post","3":"status-publish","4":"format-standard","5":"has-post-thumbnail","7":"category-societe"},"_links":{"self":[{"href":"https:\/\/www.lycee-eca.fr\/actu\/wp-json\/wp\/v2\/posts\/474","targetHints":{"allow":["GET"]}}],"collection":[{"href":"https:\/\/www.lycee-eca.fr\/actu\/wp-json\/wp\/v2\/posts"}],"about":[{"href":"https:\/\/www.lycee-eca.fr\/actu\/wp-json\/wp\/v2\/types\/post"}],"author":[{"embeddable":true,"href":"https:\/\/www.lycee-eca.fr\/actu\/wp-json\/wp\/v2\/users\/2"}],"replies":[{"embeddable":true,"href":"https:\/\/www.lycee-eca.fr\/actu\/wp-json\/wp\/v2\/comments?post=474"}],"version-history":[{"count":1,"href":"https:\/\/www.lycee-eca.fr\/actu\/wp-json\/wp\/v2\/posts\/474\/revisions"}],"predecessor-version":[{"id":1281,"href":"https:\/\/www.lycee-eca.fr\/actu\/wp-json\/wp\/v2\/posts\/474\/revisions\/1281"}],"wp:featuredmedia":[{"embeddable":true,"href":"https:\/\/www.lycee-eca.fr\/actu\/wp-json\/wp\/v2\/media\/475"}],"wp:attachment":[{"href":"https:\/\/www.lycee-eca.fr\/actu\/wp-json\/wp\/v2\/media?parent=474"}],"wp:term":[{"taxonomy":"category","embeddable":true,"href":"https:\/\/www.lycee-eca.fr\/actu\/wp-json\/wp\/v2\/categories?post=474"},{"taxonomy":"post_tag","embeddable":true,"href":"https:\/\/www.lycee-eca.fr\/actu\/wp-json\/wp\/v2\/tags?post=474"}],"curies":[{"name":"wp","href":"https:\/\/api.w.org\/{rel}","templated":true}]}}