{"id":480,"date":"2025-09-15T15:31:00","date_gmt":"2025-09-15T13:31:00","guid":{"rendered":"https:\/\/www.lycee-eca.fr\/actu\/?p=480"},"modified":"2025-09-14T19:11:09","modified_gmt":"2025-09-14T17:11:09","slug":"impots-2025-peu-de-parents-savent-que-le-fisc-rembourse-les-frais-de-cantine-scolaire","status":"publish","type":"post","link":"https:\/\/www.lycee-eca.fr\/actu\/impots-2025-peu-de-parents-savent-que-le-fisc-rembourse-les-frais-de-cantine-scolaire\/","title":{"rendered":"Imp\u00f4ts 2025 : peu de parents savent que le fisc rembourse les frais de cantine scolaire"},"content":{"rendered":"\n<p>La p\u00e9riode des d\u00e9clarations fiscales r\u00e9serve souvent des surprises, parfois agr\u00e9ables. En 2025, de nombreux parents ignorent encore qu&rsquo;ils peuvent r\u00e9duire leur charge fiscale en utilisant les frais de restauration scolaire comme d\u00e9duction. Cette possibilit\u00e9 peu connue m\u00e9rite toute votre attention si vous avez des enfants scolaris\u00e9s.<\/p>\n\n\n\n<h2 class=\"wp-block-heading\">La d\u00e9duction fiscale m\u00e9connue des frais de cantine<\/h2>\n\n\n\n<p>Chaque ann\u00e9e, de nombreux parents d\u00e9pensent des sommes importantes pour la restauration scolaire de leurs enfants. Ce que beaucoup ne savent pas, c&rsquo;est qu&rsquo;une partie de ces d\u00e9penses peut \u00eatre d\u00e9duite des imp\u00f4ts sous certaines conditions. Cette opportunit\u00e9 fiscale est largement sous-utilis\u00e9e en raison d&rsquo;un manque d&rsquo;information.<\/p>\n\n\n\n<p>Laurent, p\u00e8re d&rsquo;une fillette de 5 ans scolaris\u00e9e \u00e0 Metz, a d\u00e9couvert cette possibilit\u00e9 par hasard en consultant son espace personnel sur le site de la mairie. <strong>Le r\u00e9capitulatif des frais de cantine<\/strong> mentionnait clairement cette option de d\u00e9duction fiscale, une information qui lui \u00e9tait totalement inconnue jusqu&rsquo;alors.<\/p>\n\n\n\n<p>\u00ab\u00a0Je n&rsquo;en avais jamais entendu parler auparavant\u00a0\u00bb, t\u00e9moigne-t-il. \u00ab\u00a0Pour ma fille qui d\u00e9jeune quotidiennement \u00e0 la cantine \u00e0 6,42 euros le repas, cela repr\u00e9sente plus de 1 000 euros par an. Pouvoir r\u00e9cup\u00e9rer une partie de cette somme fait une r\u00e9elle diff\u00e9rence.\u00a0\u00bb<\/p>\n\n\n\n<p>Cette d\u00e9duction concerne sp\u00e9cifiquement l&rsquo;encadrement p\u00e9riscolaire durant la pause d\u00e9jeuner, consid\u00e9r\u00e9 comme un service de garde pour les jeunes \u00e9coliers. <strong>Environ 45,76% du montant total des frais de cantine<\/strong> peut \u00eatre d\u00e9clar\u00e9 dans la case appropri\u00e9e.<\/p>\n\n\n\n<h2 class=\"wp-block-heading\">Conditions et modalit\u00e9s pratiques pour b\u00e9n\u00e9ficier du remboursement<\/h2>\n\n\n\n<p>Cette r\u00e9duction fiscale n&rsquo;est pas accessible \u00e0 tous les parents. Elle est soumise \u00e0 des r\u00e8gles pr\u00e9cises qu&rsquo;il est important de conna\u00eetre avant d&rsquo;entamer les d\u00e9marches. <em>La principale condition concerne l&rsquo;\u00e2ge des enfants concern\u00e9s<\/em>.<\/p>\n\n\n\n<figure class=\"wp-block-table\"><table class=\"has-fixed-layout\"><tbody><tr><th>Crit\u00e8re<\/th><th>Condition requise<\/th><\/tr><tr><td>\u00c2ge de l&rsquo;enfant<\/td><td>Moins de 6 ans<\/td><\/tr><tr><td>Case concern\u00e9e<\/td><td>6GA (frais de garde)<\/td><\/tr><tr><td>Pourcentage d\u00e9ductible<\/td><td>45,76% des frais totaux<\/td><\/tr><tr><td>Justificatif n\u00e9cessaire<\/td><td>R\u00e9capitulatif annuel des frais<\/td><\/tr><\/tbody><\/table><\/figure>\n\n\n\n<p>Pour b\u00e9n\u00e9ficier de cette d\u00e9duction, les parents doivent suivre plusieurs \u00e9tapes :<\/p>\n\n\n\n<ol class=\"wp-block-list\">\n<li>Obtenir le r\u00e9capitulatif annuel des frais de cantine (g\u00e9n\u00e9ralement disponible sur le portail en ligne de la mairie)<\/li>\n\n\n\n<li>Calculer pr\u00e9cis\u00e9ment la part d\u00e9ductible (45,76% du montant total)<\/li>\n\n\n\n<li>Reporter ce montant dans la case 6GA de la d\u00e9claration d&rsquo;imp\u00f4ts<\/li>\n\n\n\n<li>Garder les justificatifs en cas de contr\u00f4le fiscal<\/li>\n<\/ol>\n\n\n\n<p>Il est \u00e0 noter que <em>toutes les municipalit\u00e9s n&rsquo;envoient pas automatiquement ce r\u00e9capitulatif<\/em>. Certaines l&rsquo;envoient par courrier, d&rsquo;autres le rendent disponible uniquement sur leur plateforme en ligne. Les contribuables doivent donc prendre l&rsquo;initiative de le demander.<\/p>\n\n\n\n<h2 class=\"wp-block-heading\">Optimiser vos \u00e9conomies fiscales avec les frais de cantine<\/h2>\n\n\n\n<p>Cette disposition fiscale repr\u00e9sente une opportunit\u00e9 temporaire mais pr\u00e9cieuse pour les jeunes parents. Dans le cas de Laurent, il peut d\u00e9duire environ 470 euros pour sa fille, ce qui r\u00e9duira son revenu imposable. <strong>L&rsquo;\u00e9conomie r\u00e9alis\u00e9e d\u00e9pendra du taux marginal d&rsquo;imposition<\/strong> du foyer fiscal concern\u00e9.<\/p>\n\n\n\n<p>Il est important pour les parents de rester vigilants, car cette possibilit\u00e9 prend fin lorsque l&rsquo;enfant atteint 6 ans. La case 6GA n&rsquo;est plus disponible pour les frais de cantine des enfants plus \u00e2g\u00e9s, m\u00eame s&rsquo;ils sont encore \u00e0 l&rsquo;\u00e9cole primaire.<\/p>\n\n\n\n<p>Pour maximiser les avantages de cette disposition, il est recommand\u00e9 de :<\/p>\n\n\n\n<ul class=\"wp-block-list\">\n<li>V\u00e9rifier r\u00e9guli\u00e8rement le site web de la mairie pendant la p\u00e9riode fiscale<\/li>\n\n\n\n<li>Demander explicitement le document si ce n&rsquo;est pas fourni automatiquement<\/li>\n\n\n\n<li>Garder tous les justificatifs de paiement des frais de cantine<\/li>\n\n\n\n<li>Calculer avec pr\u00e9cision le montant d\u00e9ductible selon le pourcentage officiel<\/li>\n<\/ul>\n\n\n\n<p>En 2025, cette subtilit\u00e9 fiscale reste largement m\u00e9connue, bien qu&rsquo;elle puisse soulager de nombreux budgets familiaux. <em>Les autorit\u00e9s fiscales ne font que peu de communication \u00e0 ce sujet<\/em>, laissant aux contribuables la responsabilit\u00e9 de se renseigner sur leurs droits.<\/p>\n","protected":false},"excerpt":{"rendered":"<p>La p\u00e9riode des d\u00e9clarations fiscales r\u00e9serve souvent des surprises, parfois agr\u00e9ables. En 2025, de nombreux parents ignorent encore qu&rsquo;ils peuvent r\u00e9duire leur charge fiscale en utilisant les frais de restauration scolaire comme d\u00e9duction. Cette possibilit\u00e9 peu connue m\u00e9rite toute votre attention si vous avez des enfants scolaris\u00e9s. La d\u00e9duction fiscale m\u00e9connue des frais de cantine [&hellip;]<\/p>\n","protected":false},"author":2,"featured_media":481,"comment_status":"open","ping_status":"open","sticky":false,"template":"","format":"standard","meta":{"_seopress_robots_primary_cat":"","_seopress_titles_title":"","_seopress_titles_desc":"","_seopress_robots_index":"","footnotes":""},"categories":[8],"tags":[],"class_list":{"0":"post-480","1":"post","2":"type-post","3":"status-publish","4":"format-standard","5":"has-post-thumbnail","7":"category-consommation"},"_links":{"self":[{"href":"https:\/\/www.lycee-eca.fr\/actu\/wp-json\/wp\/v2\/posts\/480","targetHints":{"allow":["GET"]}}],"collection":[{"href":"https:\/\/www.lycee-eca.fr\/actu\/wp-json\/wp\/v2\/posts"}],"about":[{"href":"https:\/\/www.lycee-eca.fr\/actu\/wp-json\/wp\/v2\/types\/post"}],"author":[{"embeddable":true,"href":"https:\/\/www.lycee-eca.fr\/actu\/wp-json\/wp\/v2\/users\/2"}],"replies":[{"embeddable":true,"href":"https:\/\/www.lycee-eca.fr\/actu\/wp-json\/wp\/v2\/comments?post=480"}],"version-history":[{"count":1,"href":"https:\/\/www.lycee-eca.fr\/actu\/wp-json\/wp\/v2\/posts\/480\/revisions"}],"predecessor-version":[{"id":1326,"href":"https:\/\/www.lycee-eca.fr\/actu\/wp-json\/wp\/v2\/posts\/480\/revisions\/1326"}],"wp:featuredmedia":[{"embeddable":true,"href":"https:\/\/www.lycee-eca.fr\/actu\/wp-json\/wp\/v2\/media\/481"}],"wp:attachment":[{"href":"https:\/\/www.lycee-eca.fr\/actu\/wp-json\/wp\/v2\/media?parent=480"}],"wp:term":[{"taxonomy":"category","embeddable":true,"href":"https:\/\/www.lycee-eca.fr\/actu\/wp-json\/wp\/v2\/categories?post=480"},{"taxonomy":"post_tag","embeddable":true,"href":"https:\/\/www.lycee-eca.fr\/actu\/wp-json\/wp\/v2\/tags?post=480"}],"curies":[{"name":"wp","href":"https:\/\/api.w.org\/{rel}","templated":true}]}}