{"id":534,"date":"2025-09-06T17:56:00","date_gmt":"2025-09-06T15:56:00","guid":{"rendered":"https:\/\/www.lycee-eca.fr\/actu\/?p=534"},"modified":"2025-09-03T18:33:56","modified_gmt":"2025-09-03T16:33:56","slug":"voici-a-quoi-ressemblera-veritablement-la-france-en-2100-si-le-rechauffement-climatique-se-poursuit-selon-meteo-france","status":"publish","type":"post","link":"https:\/\/www.lycee-eca.fr\/actu\/voici-a-quoi-ressemblera-veritablement-la-france-en-2100-si-le-rechauffement-climatique-se-poursuit-selon-meteo-france\/","title":{"rendered":"Voici \u00e0 quoi ressemblera v\u00e9ritablement la France en 2100 si le r\u00e9chauffement climatique se poursuit, selon M\u00e9t\u00e9o France"},"content":{"rendered":"<p>Les pr\u00e9visions de M\u00e9t\u00e9o France mettent en lumi\u00e8re un futur inqui\u00e9tant pour la France face au changement climatique. Selon les sp\u00e9cialistes, si la tendance actuelle persiste, le pays pourrait faire face \u00e0 une augmentation moyenne des temp\u00e9ratures de 4\u00b0C d&rsquo;ici 2100. Cette \u00e9l\u00e9vation, loin d&rsquo;\u00eatre anodine, aurait un impact significatif sur notre quotidien et notre environnement de mani\u00e8re durable.<\/p>\n<h2>Pr\u00e9visions alarmantes concernant les temp\u00e9ratures en France<\/h2>\n<p>Selon les \u00e9tudes men\u00e9es par M\u00e9t\u00e9o France dans le cadre de la trajectoire de r\u00e9chauffement de r\u00e9f\u00e9rence pour l&rsquo;adaptation au changement climatique (TRACC), la France devrait conna\u00eetre une augmentation progressive mais constante des temp\u00e9ratures. Les experts pr\u00e9voient une hausse de <strong>2\u00b0C par rapport \u00e0 l&rsquo;\u00e8re pr\u00e9industrielle d&rsquo;ici 2030<\/strong>, puis de 2,7\u00b0C vers 2050, pour finalement atteindre 4\u00b0C d&rsquo;ici 2100.<\/p>\n<p>Jean-Michel Soubeyroux, climatologue et directeur adjoint scientifique \u00e0 M\u00e9t\u00e9o France, souligne que \u00ab\u00a0les temp\u00e9ratures moyennes futures pourraient ressembler aux temp\u00e9ratures extr\u00eames actuelles\u00a0\u00bb. Cela signifie que les journ\u00e9es o\u00f9 le thermom\u00e8tre d\u00e9passe les 35\u00b0C, consid\u00e9r\u00e9es comme des journ\u00e9es de forte chaleur, seront de plus en plus fr\u00e9quentes.<\/p>\n<p>Alors qu&rsquo;il y en a actuellement en moyenne une par an au niveau national, ce chiffre pourrait grimper \u00e0 <strong>huit journ\u00e9es par an d&rsquo;ici 2100<\/strong>. Cependant, cette moyenne cache des disparit\u00e9s r\u00e9gionales significatives. Par exemple, Marseille pourrait conna\u00eetre plus de 20 jours par an avec des temp\u00e9ratures d\u00e9passant les 35\u00b0C.<\/p>\n<p>Les nuits tropicales, o\u00f9 la temp\u00e9rature ne descend pas en dessous de 20\u00b0C, deviendront \u00e9galement plus fr\u00e9quentes. Le littoral m\u00e9diterran\u00e9en pourrait enregistrer entre 100 et 120 nuits tropicales par an d&rsquo;ici la fin du si\u00e8cle, ce qui modifierait consid\u00e9rablement le confort et la qualit\u00e9 de vie des habitants locaux.<\/p>\n<table>\n<tr>\n<th>P\u00e9riode<\/th>\n<th>Augmentation pr\u00e9vue<\/th>\n<th>Cons\u00e9quences notables<\/th>\n<\/tr>\n<tr>\n<td>2030<\/td>\n<td>+2\u00b0C<\/td>\n<td>Augmentation des vagues de chaleur estivales<\/td>\n<\/tr>\n<tr>\n<td>2050<\/td>\n<td>+2,7\u00b0C<\/td>\n<td>Possibilit\u00e9 de temp\u00e9ratures atteignant 50\u00b0C<\/td>\n<\/tr>\n<tr>\n<td>2100<\/td>\n<td>+4\u00b0C<\/td>\n<td>En moyenne nationale, 8 jours\/an au-dessus de 35\u00b0C<\/td>\n<\/tr>\n<\/table>\n<h2>Impacts concrets sur notre environnement quotidien<\/h2>\n<p>Les effets du r\u00e9chauffement climatique ne se limiteront pas \u00e0 l&rsquo;\u00e9l\u00e9vation des temp\u00e9ratures. Les m\u00e9t\u00e9orologues pr\u00e9voient une <strong>alternance marqu\u00e9e entre s\u00e9cheresses intenses et pluies torrentielles<\/strong>. Ces ph\u00e9nom\u00e8nes extr\u00eames auront des cons\u00e9quences majeures sur nos \u00e9cosyst\u00e8mes d\u00e9j\u00e0 fragiles.<\/p>\n<p>Les \u00e9t\u00e9s caniculaires que nous avons r\u00e9cemment connus, consid\u00e9r\u00e9s comme exceptionnels, deviendront la norme. De mani\u00e8re plus pr\u00e9occupante, les experts estiment que la barre des 50\u00b0C pourrait \u00eatre franchie d\u00e8s 2050, ce qui perturberait nos infrastructures et notre mode de vie.<\/p>\n<p>Les r\u00e9percussions de ce changement climatique se manifesteront de diverses mani\u00e8res :<\/p>\n<ul>\n<li><strong>Augmentation du stress hydrique<\/strong> avec des pressions sur l&rsquo;approvisionnement en eau potable<\/li>\n<li>Changements profonds dans les \u00e9cosyst\u00e8mes et perte de biodiversit\u00e9<\/li>\n<li><strong>R\u00e9ductions des rendements agricoles<\/strong> dus \u00e0 l&rsquo;alternance de s\u00e9cheresses et d&rsquo;inondations<\/li>\n<li>Accroissement des risques sanitaires li\u00e9s aux fortes chaleurs<\/li>\n<li>Augmentation des migrations depuis les zones devenues invivables<\/li>\n<\/ul>\n<h2>Actions pour att\u00e9nuer cette \u00e9volution<\/h2>\n<p>Face \u00e0 ces perspectives alarmantes, diverses initiatives sont d\u00e9j\u00e0 en cours. Le gouvernement a r\u00e9cemment lanc\u00e9 le <strong>Plan national d&rsquo;adaptation au changement climatique (PNACC)<\/strong>, visant \u00e0 pr\u00e9parer la France aux changements in\u00e9vitables tout en cherchant \u00e0 limiter l&rsquo;ampleur du ph\u00e9nom\u00e8ne.<\/p>\n<p>Des zones \u00e0 faibles \u00e9missions de CO2 ont \u00e9t\u00e9 mises en place dans les grandes agglom\u00e9rations fran\u00e7aises pour r\u00e9duire la pollution atmosph\u00e9rique. Ces mesures ciblent principalement les v\u00e9hicules les plus polluants, mais la question de leur efficacit\u00e9 reste pos\u00e9e face \u00e0 l&rsquo;ampleur du d\u00e9fi.<\/p>\n<p>Les experts s&rsquo;accordent sur un point : seule une <em>action mondiale coordonn\u00e9e et ambitieuse<\/em> pourrait inverser significativement la tendance du r\u00e9chauffement climatique. Sans cela, les projections de M\u00e9t\u00e9o France pour 2100 pourraient devenir notre r\u00e9alit\u00e9 quotidienne, transformant durablement la France et les conditions de vie de ses habitants.<\/p>\n","protected":false},"excerpt":{"rendered":"<p>Les pr\u00e9visions de M\u00e9t\u00e9o France mettent en lumi\u00e8re un futur inqui\u00e9tant pour la France face au changement climatique. Selon les sp\u00e9cialistes, si la tendance actuelle persiste, le pays pourrait faire face \u00e0 une augmentation moyenne des temp\u00e9ratures de 4\u00b0C d&rsquo;ici 2100. Cette \u00e9l\u00e9vation, loin d&rsquo;\u00eatre anodine, aurait un impact significatif sur notre quotidien et notre [&hellip;]<\/p>\n","protected":false},"author":2,"featured_media":535,"comment_status":"open","ping_status":"open","sticky":false,"template":"","format":"standard","meta":{"_seopress_robots_primary_cat":"","_seopress_titles_title":"","_seopress_titles_desc":"","_seopress_robots_index":"","footnotes":""},"categories":[7],"tags":[],"class_list":{"0":"post-534","1":"post","2":"type-post","3":"status-publish","4":"format-standard","5":"has-post-thumbnail","7":"category-societe"},"_links":{"self":[{"href":"https:\/\/www.lycee-eca.fr\/actu\/wp-json\/wp\/v2\/posts\/534","targetHints":{"allow":["GET"]}}],"collection":[{"href":"https:\/\/www.lycee-eca.fr\/actu\/wp-json\/wp\/v2\/posts"}],"about":[{"href":"https:\/\/www.lycee-eca.fr\/actu\/wp-json\/wp\/v2\/types\/post"}],"author":[{"embeddable":true,"href":"https:\/\/www.lycee-eca.fr\/actu\/wp-json\/wp\/v2\/users\/2"}],"replies":[{"embeddable":true,"href":"https:\/\/www.lycee-eca.fr\/actu\/wp-json\/wp\/v2\/comments?post=534"}],"version-history":[{"count":1,"href":"https:\/\/www.lycee-eca.fr\/actu\/wp-json\/wp\/v2\/posts\/534\/revisions"}],"predecessor-version":[{"id":1223,"href":"https:\/\/www.lycee-eca.fr\/actu\/wp-json\/wp\/v2\/posts\/534\/revisions\/1223"}],"wp:featuredmedia":[{"embeddable":true,"href":"https:\/\/www.lycee-eca.fr\/actu\/wp-json\/wp\/v2\/media\/535"}],"wp:attachment":[{"href":"https:\/\/www.lycee-eca.fr\/actu\/wp-json\/wp\/v2\/media?parent=534"}],"wp:term":[{"taxonomy":"category","embeddable":true,"href":"https:\/\/www.lycee-eca.fr\/actu\/wp-json\/wp\/v2\/categories?post=534"},{"taxonomy":"post_tag","embeddable":true,"href":"https:\/\/www.lycee-eca.fr\/actu\/wp-json\/wp\/v2\/tags?post=534"}],"curies":[{"name":"wp","href":"https:\/\/api.w.org\/{rel}","templated":true}]}}