{"id":566,"date":"2025-09-05T11:41:00","date_gmt":"2025-09-05T09:41:00","guid":{"rendered":"https:\/\/www.lycee-eca.fr\/actu\/?p=566"},"modified":"2025-09-03T18:33:49","modified_gmt":"2025-09-03T16:33:49","slug":"leclerc-le-grand-patron-de-lenseigne-annonce-une-tres-mauvaise-nouvelle-aux-francais","status":"publish","type":"post","link":"https:\/\/www.lycee-eca.fr\/actu\/leclerc-le-grand-patron-de-lenseigne-annonce-une-tres-mauvaise-nouvelle-aux-francais\/","title":{"rendered":"Leclerc : le grand patron de l\u2019enseigne annonce une tr\u00e8s mauvaise nouvelle aux Fran\u00e7ais"},"content":{"rendered":"<p>Les citoyens de France vont bient\u00f4t \u00eatre confront\u00e9s \u00e0 une situation \u00e9conomique pr\u00e9occupante. Michel-\u00c9douard Leclerc, une figure importante du groupe E.Leclerc, a r\u00e9cemment exprim\u00e9 ses inqui\u00e9tudes sur les nouvelles politiques commerciales am\u00e9ricaines lors de ses interventions sur RMC et BFMTV. Ces changements pourraient avoir un impact significatif sur le pouvoir d&rsquo;achat des Fran\u00e7ais et sur l&rsquo;\u00e9conomie de l&rsquo;Europe dans son ensemble.<\/p>\n<h2>Effets des r\u00e9centes taxes douani\u00e8res am\u00e9ricaines sur les consommateurs<\/h2>\n<p>L&rsquo;annonce r\u00e9cente de Donald Trump concernant l&rsquo;introduction de <strong>nouvelles taxes douani\u00e8res sur les importations<\/strong> a suscit\u00e9 de vives inqui\u00e9tudes. Le dirigeant de Leclerc a clairement exprim\u00e9 ses pr\u00e9occupations, soulignant que cette d\u00e9cision va bien au-del\u00e0 d&rsquo;une simple man\u0153uvre politique.<\/p>\n<p>\u00ab\u00a0Trump, avec sa puissance brutale, d\u00e9truit ce qui faisait l&rsquo;attrait de l&rsquo;Am\u00e9rique, le mythe, le soft power&#8230;\u00a0\u00bb, a d\u00e9clar\u00e9 Michel-\u00c9douard Leclerc. Selon lui, nous assistons \u00e0 une <strong>\u00e9volution profonde de la politique commerciale am\u00e9ricaine<\/strong> qui aura des cons\u00e9quences durables.<\/p>\n<p>Ces nouvelles taxes auront un impact direct sur les exportations fran\u00e7aises vers les \u00c9tats-Unis. Cependant, le probl\u00e8me ne s&rsquo;arr\u00eate pas l\u00e0. Les produits qui ne pourront plus \u00eatre vendus sur le march\u00e9 am\u00e9ricain pourraient se retrouver sur le march\u00e9 europ\u00e9en, cr\u00e9ant ainsi une pression suppl\u00e9mentaire sur les march\u00e9s locaux.<\/p>\n<table border=\"1\">\n<tr>\n<th>Impacts des taxes douani\u00e8res<\/th>\n<th>Cons\u00e9quences pour les consommateurs<\/th>\n<\/tr>\n<tr>\n<td>R\u00e9duction des exportations fran\u00e7aises<\/td>\n<td>Perte d&#8217;emplois dans certains secteurs<\/td>\n<\/tr>\n<tr>\n<td>Arriv\u00e9e massive de produits \u00e9trangers en Europe<\/td>\n<td>Pression sur les producteurs locaux<\/td>\n<\/tr>\n<tr>\n<td>Changements dans les cha\u00eenes d&rsquo;approvisionnement<\/td>\n<td>Possible augmentation des prix \u00e0 la consommation<\/td>\n<\/tr>\n<\/table>\n<h2>Changements g\u00e9opolitiques et commerciaux \u00e0 venir<\/h2>\n<p>Le responsable de l&rsquo;enseigne Leclerc ne consid\u00e8re pas cette situation comme passag\u00e8re. Il estime que nous entrons dans une <em>p\u00e9riode d&rsquo;instabilit\u00e9 qui pourrait durer une d\u00e9cennie<\/em>. \u00ab\u00a0Ce n&rsquo;est pas juste une r\u00e9action impulsive, un individu qui renverse la table\u00a0\u00bb, a-t-il affirm\u00e9, soulignant que cette \u00e9volution \u00e9tait en gestation depuis un certain temps.<\/p>\n<p>Michel-\u00c9douard Leclerc voit ces mesures comme \u00ab\u00a0le d\u00e9but d&rsquo;une grande n\u00e9gociation impos\u00e9e par l&rsquo;Am\u00e9rique\u00a0\u00bb et comme la fin d&rsquo;un ordre \u00e9tabli depuis plusieurs d\u00e9cennies. Face \u00e0 cette situation, il appelle \u00e0 la vigilance et \u00e0 l&rsquo;unit\u00e9 des pays europ\u00e9ens.<\/p>\n<p>Voici les principaux d\u00e9fis auxquels l&rsquo;Europe devra faire face :<\/p>\n<ul>\n<li>Maintenir une position unie face aux pressions am\u00e9ricaines<\/li>\n<li>Prot\u00e9ger les industries et les producteurs europ\u00e9ens<\/li>\n<li>\u00c9laborer une strat\u00e9gie commerciale autonome<\/li>\n<li>G\u00e9rer l&rsquo;arriv\u00e9e potentielle de produits \u00e9trangers<\/li>\n<li>Minimiser l&rsquo;impact sur le pouvoir d&rsquo;achat des consommateurs<\/li>\n<\/ul>\n<h2>R\u00e9actions et strat\u00e9gies de l&rsquo;Europe face \u00e0 la situation<\/h2>\n<p>Face \u00e0 un Donald Trump d\u00e9crit comme \u00ab\u00a0isol\u00e9 contre tous\u00a0\u00bb, Michel-\u00c9douard Leclerc est convaincu que l&rsquo;Europe poss\u00e8de des leviers pour r\u00e9agir. Il met en avant les <strong>normes europ\u00e9ennes comme moyen de r\u00e9gulation<\/strong> face \u00e0 ce nouveau contexte commercial.<\/p>\n<p>\u00ab\u00a0Nous allons les appliquer aux Gafa, aux mouvements financiers. Nous allons taxer ces flux\u00a0\u00bb, a-t-il expliqu\u00e9 lors de son intervention m\u00e9diatique. Cette approche pourrait aider l&rsquo;Europe \u00e0 pr\u00e9server une partie de sa souverainet\u00e9 \u00e9conomique.<\/p>\n<p>Cependant, le dirigeant de Leclerc d\u00e9plore \u00ab\u00a0presque une hostilit\u00e9 envers l&rsquo;Europe\u00a0\u00bb dans le domaine commercial. Cette perception n\u00e9gative complique la t\u00e2che des n\u00e9gociateurs europ\u00e9ens dans un contexte d\u00e9j\u00e0 tendu.<\/p>\n<p>Les cons\u00e9quences pour les consommateurs fran\u00e7ais s&rsquo;annoncent vari\u00e9es. Entre <em>possibles hausses de prix, modifications de l&rsquo;offre disponible et pressions sur certaines fili\u00e8res productives<\/em>, les Fran\u00e7ais devront s&rsquo;adapter \u00e0 cette nouvelle r\u00e9alit\u00e9 commerciale internationale, dont l&rsquo;avenir semble particuli\u00e8rement incertain selon Michel-\u00c9douard Leclerc.<\/p>\n","protected":false},"excerpt":{"rendered":"<p>Les citoyens de France vont bient\u00f4t \u00eatre confront\u00e9s \u00e0 une situation \u00e9conomique pr\u00e9occupante. Michel-\u00c9douard Leclerc, une figure importante du groupe E.Leclerc, a r\u00e9cemment exprim\u00e9 ses inqui\u00e9tudes sur les nouvelles politiques commerciales am\u00e9ricaines lors de ses interventions sur RMC et BFMTV. Ces changements pourraient avoir un impact significatif sur le pouvoir d&rsquo;achat des Fran\u00e7ais et sur [&hellip;]<\/p>\n","protected":false},"author":2,"featured_media":567,"comment_status":"open","ping_status":"open","sticky":false,"template":"","format":"standard","meta":{"_seopress_robots_primary_cat":"","_seopress_titles_title":"","_seopress_titles_desc":"","_seopress_robots_index":"","footnotes":""},"categories":[8],"tags":[],"class_list":{"0":"post-566","1":"post","2":"type-post","3":"status-publish","4":"format-standard","5":"has-post-thumbnail","7":"category-consommation"},"_links":{"self":[{"href":"https:\/\/www.lycee-eca.fr\/actu\/wp-json\/wp\/v2\/posts\/566","targetHints":{"allow":["GET"]}}],"collection":[{"href":"https:\/\/www.lycee-eca.fr\/actu\/wp-json\/wp\/v2\/posts"}],"about":[{"href":"https:\/\/www.lycee-eca.fr\/actu\/wp-json\/wp\/v2\/types\/post"}],"author":[{"embeddable":true,"href":"https:\/\/www.lycee-eca.fr\/actu\/wp-json\/wp\/v2\/users\/2"}],"replies":[{"embeddable":true,"href":"https:\/\/www.lycee-eca.fr\/actu\/wp-json\/wp\/v2\/comments?post=566"}],"version-history":[{"count":1,"href":"https:\/\/www.lycee-eca.fr\/actu\/wp-json\/wp\/v2\/posts\/566\/revisions"}],"predecessor-version":[{"id":1209,"href":"https:\/\/www.lycee-eca.fr\/actu\/wp-json\/wp\/v2\/posts\/566\/revisions\/1209"}],"wp:featuredmedia":[{"embeddable":true,"href":"https:\/\/www.lycee-eca.fr\/actu\/wp-json\/wp\/v2\/media\/567"}],"wp:attachment":[{"href":"https:\/\/www.lycee-eca.fr\/actu\/wp-json\/wp\/v2\/media?parent=566"}],"wp:term":[{"taxonomy":"category","embeddable":true,"href":"https:\/\/www.lycee-eca.fr\/actu\/wp-json\/wp\/v2\/categories?post=566"},{"taxonomy":"post_tag","embeddable":true,"href":"https:\/\/www.lycee-eca.fr\/actu\/wp-json\/wp\/v2\/tags?post=566"}],"curies":[{"name":"wp","href":"https:\/\/api.w.org\/{rel}","templated":true}]}}