{"id":588,"date":"2025-09-05T17:58:00","date_gmt":"2025-09-05T15:58:00","guid":{"rendered":"https:\/\/www.lycee-eca.fr\/actu\/?p=588"},"modified":"2025-09-03T18:33:49","modified_gmt":"2025-09-03T16:33:49","slug":"mark-zuckerberg-fixe-la-date-de-fin-des-telephones-portables-voici-ce-qui-va-les-remplacer","status":"publish","type":"post","link":"https:\/\/www.lycee-eca.fr\/actu\/mark-zuckerberg-fixe-la-date-de-fin-des-telephones-portables-voici-ce-qui-va-les-remplacer\/","title":{"rendered":"Mark Zuckerberg fixe la date de fin des t\u00e9l\u00e9phones portables : voici ce qui va les remplacer"},"content":{"rendered":"<p>L&rsquo;\u00e8re des smartphones touche \u00e0 sa fin selon les pr\u00e9visions de Mark Zuckerberg. Le fondateur de Meta envisage un futur o\u00f9 les lunettes intelligentes prendront le relais de nos appareils mobiles actuels. Cette transition majeure dans nos habitudes technologiques pourrait red\u00e9finir notre relation avec les objets connect\u00e9s et transformer radicalement notre quotidien num\u00e9rique.<\/p>\n<h2>La vision r\u00e9volutionnaire de Zuckerberg pour le futur des technologies portables<\/h2>\n<p>Mark Zuckerberg a r\u00e9cemment annonc\u00e9 un changement majeur dans le domaine des technologies portables. Selon le PDG de Meta, <strong>les lunettes intelligentes remplaceront progressivement nos smartphones<\/strong> d&rsquo;ici 2030. Cette pr\u00e9diction audacieuse repose sur l&rsquo;observation des transitions technologiques pass\u00e9es.<\/p>\n<p>Zuckerberg \u00e9tablit un parall\u00e8le int\u00e9ressant entre cette future \u00e9volution et la mani\u00e8re dont les smartphones ont supplant\u00e9 les ordinateurs portables. Il souligne comment les t\u00e9l\u00e9phones mobiles ont pris le dessus sur les ordinateurs portables en raison de leur praticit\u00e9 et de leur accessibilit\u00e9 accrue. <em>Un sc\u00e9nario similaire pourrait se reproduire avec les lunettes connect\u00e9es, offrant une exp\u00e9rience encore plus intuitive et immersive<\/em>.<\/p>\n<p>Les lunettes intelligentes offrent plusieurs avantages par rapport aux smartphones :<\/p>\n<ul>\n<li>Une interaction plus naturelle, sans manipulation d&rsquo;\u00e9cran<\/li>\n<li>Un acc\u00e8s instantan\u00e9 \u00e0 l&rsquo;information dans le champ de vision<\/li>\n<li>Une utilisation mains libres pour plus de libert\u00e9<\/li>\n<li>Une int\u00e9gration plus discr\u00e8te dans notre quotidien<\/li>\n<\/ul>\n<p>Meta a d\u00e9j\u00e0 amorc\u00e9 cette transition avec le lancement des Ray-Ban Stories en 2021, premi\u00e8re \u00e9tape vers cette vision futuriste.<\/p>\n<h2>Les lunettes intelligentes : au-del\u00e0 d&rsquo;un simple gadget technologique<\/h2>\n<p>Contrairement aux montres connect\u00e9es qui, selon Zuckerberg, resteront des gadgets de sport, <strong>les lunettes intelligentes pourraient devenir la prochaine grande plateforme informatique<\/strong>. Le fondateur de Meta voit en elles bien plus qu&rsquo;un simple accessoire technologique.<\/p>\n<p>Les Ray-Ban Stories propos\u00e9es par Meta int\u00e8grent d\u00e9j\u00e0 un appareil photo, des haut-parleurs et des microphones tout en conservant un design \u00e9l\u00e9gant et discret. Cette combinaison de fonctionnalit\u00e9s avanc\u00e9es et d&rsquo;esth\u00e9tique traditionnelle constitue un atout majeur pour leur adoption massive.<\/p>\n<table border=\"1\">\n<tr>\n<th>Caract\u00e9ristique<\/th>\n<th>Smartphones<\/th>\n<th>Lunettes intelligentes<\/th>\n<\/tr>\n<tr>\n<td>Utilisation des mains<\/td>\n<td>N\u00e9cessaire<\/td>\n<td>Minimale ou absente<\/td>\n<\/tr>\n<tr>\n<td>Acc\u00e8s \u00e0 l&rsquo;information<\/td>\n<td>N\u00e9cessite de sortir l&rsquo;appareil<\/td>\n<td>Imm\u00e9diat dans le champ de vision<\/td>\n<\/tr>\n<tr>\n<td>Interaction sociale<\/td>\n<td>Souvent perturbatrice<\/td>\n<td>Plus naturelle et discr\u00e8te<\/td>\n<\/tr>\n<\/table>\n<p><em>La facilit\u00e9 d&rsquo;utilisation de ces lunettes constitue un argument cl\u00e9<\/em> dans la vision de Zuckerberg. Il pr\u00e9dit qu&rsquo;\u00e0 l&rsquo;avenir, les utilisateurs pourront acc\u00e9der \u00e0 toutes les informations n\u00e9cessaires en quelques secondes, sans l&rsquo;interface parfois contraignante d&rsquo;un smartphone.<\/p>\n<h2>Une transition progressive vers 2030<\/h2>\n<p>Malgr\u00e9 sa conviction que les lunettes intelligentes remplaceront les smartphones, Mark Zuckerberg reconna\u00eet que cette transition prendra du temps. Le PDG de Meta fixe l&rsquo;ann\u00e9e 2030 comme le moment o\u00f9 ces nouvelles technologies pourraient devenir la norme.<\/p>\n<p>\u00ab\u00a0Il viendra un moment o\u00f9 votre t\u00e9l\u00e9phone restera plus souvent dans votre poche que dehors\u00a0\u00bb, a d\u00e9clar\u00e9 Zuckerberg, \u00e9voquant <strong>une p\u00e9riode de coexistence des deux technologies<\/strong> avant que les lunettes ne prennent d\u00e9finitivement le dessus.<\/p>\n<p>Cette transition est motiv\u00e9e par plusieurs facteurs :<\/p>\n<ol>\n<li>Le temps n\u00e9cessaire pour perfectionner la technologie des lunettes intelligentes<\/li>\n<li>L&rsquo;adaptation progressive des consommateurs \u00e0 ce nouveau paradigme<\/li>\n<li>Le d\u00e9veloppement d&rsquo;un \u00e9cosyst\u00e8me d&rsquo;applications d\u00e9di\u00e9es<\/li>\n<li>L&rsquo;\u00e9volution des infrastructures pour supporter ces nouveaux usages<\/li>\n<\/ol>\n<p>Les r\u00e9cents progr\u00e8s technologiques dans les domaines de la r\u00e9alit\u00e9 augment\u00e9e et de la miniaturisation des composants \u00e9lectroniques rendent cette vision de plus en plus plausible. Les avanc\u00e9es constantes dans ces domaines acc\u00e9l\u00e8rent la concr\u00e9tisation de ce qui \u00e9tait consid\u00e9r\u00e9 comme de la science-fiction il y a quelques ann\u00e9es.<\/p>\n<p>\u00c0 l&rsquo;approche de l&rsquo;\u00e9ch\u00e9ance de 2030 fix\u00e9e par Zuckerberg, nous assisterons probablement \u00e0 une \u00e9volution progressive de nos habitudes num\u00e9riques, jusqu&rsquo;au jour o\u00f9 nos smartphones pourraient r\u00e9ellement devenir des reliques du pass\u00e9.<\/p>\n","protected":false},"excerpt":{"rendered":"<p>L&rsquo;\u00e8re des smartphones touche \u00e0 sa fin selon les pr\u00e9visions de Mark Zuckerberg. Le fondateur de Meta envisage un futur o\u00f9 les lunettes intelligentes prendront le relais de nos appareils mobiles actuels. Cette transition majeure dans nos habitudes technologiques pourrait red\u00e9finir notre relation avec les objets connect\u00e9s et transformer radicalement notre quotidien num\u00e9rique. La vision [&hellip;]<\/p>\n","protected":false},"author":2,"featured_media":589,"comment_status":"open","ping_status":"open","sticky":false,"template":"","format":"standard","meta":{"_seopress_robots_primary_cat":"","_seopress_titles_title":"","_seopress_titles_desc":"","_seopress_robots_index":"","footnotes":""},"categories":[7],"tags":[],"class_list":{"0":"post-588","1":"post","2":"type-post","3":"status-publish","4":"format-standard","5":"has-post-thumbnail","7":"category-societe"},"_links":{"self":[{"href":"https:\/\/www.lycee-eca.fr\/actu\/wp-json\/wp\/v2\/posts\/588","targetHints":{"allow":["GET"]}}],"collection":[{"href":"https:\/\/www.lycee-eca.fr\/actu\/wp-json\/wp\/v2\/posts"}],"about":[{"href":"https:\/\/www.lycee-eca.fr\/actu\/wp-json\/wp\/v2\/types\/post"}],"author":[{"embeddable":true,"href":"https:\/\/www.lycee-eca.fr\/actu\/wp-json\/wp\/v2\/users\/2"}],"replies":[{"embeddable":true,"href":"https:\/\/www.lycee-eca.fr\/actu\/wp-json\/wp\/v2\/comments?post=588"}],"version-history":[{"count":1,"href":"https:\/\/www.lycee-eca.fr\/actu\/wp-json\/wp\/v2\/posts\/588\/revisions"}],"predecessor-version":[{"id":1213,"href":"https:\/\/www.lycee-eca.fr\/actu\/wp-json\/wp\/v2\/posts\/588\/revisions\/1213"}],"wp:featuredmedia":[{"embeddable":true,"href":"https:\/\/www.lycee-eca.fr\/actu\/wp-json\/wp\/v2\/media\/589"}],"wp:attachment":[{"href":"https:\/\/www.lycee-eca.fr\/actu\/wp-json\/wp\/v2\/media?parent=588"}],"wp:term":[{"taxonomy":"category","embeddable":true,"href":"https:\/\/www.lycee-eca.fr\/actu\/wp-json\/wp\/v2\/categories?post=588"},{"taxonomy":"post_tag","embeddable":true,"href":"https:\/\/www.lycee-eca.fr\/actu\/wp-json\/wp\/v2\/tags?post=588"}],"curies":[{"name":"wp","href":"https:\/\/api.w.org\/{rel}","templated":true}]}}