{"id":604,"date":"2025-09-07T17:02:00","date_gmt":"2025-09-07T15:02:00","guid":{"rendered":"https:\/\/www.lycee-eca.fr\/actu\/?p=604"},"modified":"2025-09-03T18:34:04","modified_gmt":"2025-09-03T16:34:04","slug":"les-zfe-cest-fini-la-bonne-nouvelle-est-tombee-pour-les-automobilistes-empeches-de-circuler-dans-ces-villes","status":"publish","type":"post","link":"https:\/\/www.lycee-eca.fr\/actu\/les-zfe-cest-fini-la-bonne-nouvelle-est-tombee-pour-les-automobilistes-empeches-de-circuler-dans-ces-villes\/","title":{"rendered":"Les ZFE c&rsquo;est fini : la bonne nouvelle est tomb\u00e9e pour les automobilistes emp\u00each\u00e9s de circuler dans ces villes"},"content":{"rendered":"<p>La r\u00e9cente d\u00e9cision concernant les Zones \u00e0 Faibles \u00c9missions (ZFE) repr\u00e9sente un changement majeur pour les conducteurs fran\u00e7ais. Un amendement adopt\u00e9 par une commission parlementaire propose la suppression de ce dispositif qui limite la circulation des v\u00e9hicules les plus polluants dans certaines villes. Cette nouvelle suscite de l&rsquo;espoir parmi de nombreux automobilistes qui \u00e9taient jusqu&rsquo;alors exclus de certaines zones urbaines.<\/p>\n<h2>Une possible fin des restrictions de circulation en ville<\/h2>\n<p>Les <strong>Zones \u00e0 Faibles \u00c9missions mobilit\u00e9<\/strong> ont \u00e9t\u00e9 mises en place pour r\u00e9duire la pollution atmosph\u00e9rique dans les grandes villes de France. Ces zones, bas\u00e9es sur le syst\u00e8me des vignettes Crit&rsquo;Air, restreignent progressivement l&rsquo;acc\u00e8s des v\u00e9hicules les plus polluants aux centres urbains. Cependant, cette approche est remise en question par les l\u00e9gislateurs.<\/p>\n<p>Une majorit\u00e9 des 71 d\u00e9put\u00e9s de la commission sp\u00e9ciale charg\u00e9e d&rsquo;examiner le projet de loi de simplification \u00e9conomique a vot\u00e9 en faveur d&rsquo;un amendement visant \u00e0 mettre fin aux ZFE. Cette d\u00e9cision pourrait avoir un impact significatif sur la vie quotidienne des conducteurs \u00e0 Paris, Lyon, Marseille ou Toulouse, entre autres.<\/p>\n<p>Les <strong>villes fran\u00e7aises concern\u00e9es par les ZFE<\/strong> ont adopt\u00e9 des approches diff\u00e9rentes quant \u00e0 l&rsquo;application de ces restrictions. Alors que Paris a \u00e9t\u00e9 tr\u00e8s stricte en interdisant successivement les v\u00e9hicules Crit&rsquo;Air 5, 4 puis 3, d&rsquo;autres comme Montpellier ont opt\u00e9 pour une approche plus souple, allant jusqu&rsquo;\u00e0 suspendre temporairement les amendes.<\/p>\n<table>\n<tr>\n<th>Ville<\/th>\n<th>Restrictions actuelles<\/th>\n<th>Impact sur la circulation<\/th>\n<\/tr>\n<tr>\n<td>Paris<\/td>\n<td>Interdiction Crit&rsquo;Air 5, 4 et 3<\/td>\n<td>\u00c9lev\u00e9<\/td>\n<\/tr>\n<tr>\n<td>Lyon<\/td>\n<td>Interdiction progressive<\/td>\n<td>Mod\u00e9r\u00e9<\/td>\n<\/tr>\n<tr>\n<td>Montpellier<\/td>\n<td>Suspension des amendes<\/td>\n<td>Faible<\/td>\n<\/tr>\n<\/table>\n<h2>Impacts sociaux et environnementaux des ZFE<\/h2>\n<p>Les critiques \u00e0 l&rsquo;encontre des ZFE se multiplient, notamment en ce qui concerne leurs <strong>r\u00e9percussions sociales disproportionn\u00e9es<\/strong>. En excluant les v\u00e9hicules plus anciens et plus polluants, ces zones ont principalement touch\u00e9 les m\u00e9nages \u00e0 faibles revenus, incapables de se procurer un v\u00e9hicule plus r\u00e9cent et moins polluant.<\/p>\n<p>Pierre Meurin, d\u00e9put\u00e9 du Rassemblement National et auteur d&rsquo;un amendement sur le sujet, a qualifi\u00e9 les ZFE d&rsquo;\u00ab inutiles pour am\u00e9liorer la qualit\u00e9 de l&rsquo;air \u00bb et cr\u00e9ant \u00ab une forte fracture sociale, un s\u00e9paratisme territorial \u00bb. Cette position refl\u00e8te un sentiment partag\u00e9 par de nombreux conducteurs se sentant injustement p\u00e9nalis\u00e9s.<\/p>\n<p>\u00c0 l&rsquo;inverse, les partisans des ZFE, comme Agn\u00e8s Pannier-Runacher, ministre de la Transition \u00e9cologique, mettent en avant les <em>progr\u00e8s significatifs en termes de qualit\u00e9 de l&rsquo;air<\/em>. Elle affirme qu&rsquo;\u00e0 Paris et Lyon, o\u00f9 les ZFE sont pleinement op\u00e9rationnelles, la concentration de dioxyde d&rsquo;azote a diminu\u00e9 d&rsquo;un tiers.<\/p>\n<p>Les objectifs sanitaires demeurent essentiels, sachant que la pollution de l&rsquo;air, notamment par le dioxyde d&rsquo;azote, est responsable de nombreuses maladies respiratoires et de pr\u00e8s de 40 000 d\u00e9c\u00e8s par an selon Sant\u00e9 publique France.<\/p>\n<h2>Quelles perspectives pour les conducteurs en ville<\/h2>\n<p>La possible suppression des ZFE concernerait de nombreuses agglom\u00e9rations fran\u00e7aises, telles que :<\/p>\n<ul>\n<li>Paris et sa m\u00e9tropole<\/li>\n<li>Lyon et Grenoble<\/li>\n<li>Marseille et Toulon<\/li>\n<li>Lille et Rouen<\/li>\n<li>Strasbourg et Reims<\/li>\n<\/ul>\n<p>Cependant, l&rsquo;amendement adopt\u00e9 ne signifie pas la fin imm\u00e9diate des ZFE. Le texte doit encore \u00eatre approuv\u00e9 par l&rsquo;Assembl\u00e9e nationale pour \u00eatre d\u00e9finitivement mis en place. De plus, les <em>exigences du droit europ\u00e9en et des d\u00e9cisions juridiques fran\u00e7aises<\/em> pourraient compliquer cette suppression.<\/p>\n<p>Pour les conducteurs, l&rsquo;avenir demeure incertain. Si l&rsquo;amendement est d\u00e9finitivement adopt\u00e9, cela repr\u00e9senterait un grand soulagement pour de nombreux automobilistes actuellement contraints de contourner les centres-villes ou d&rsquo;investir dans un nouveau v\u00e9hicule.<\/p>\n<p>Les prochains d\u00e9bats parlementaires d\u00e9termineront si cette mesure, initialement pr\u00e9vue pour se durcir en 2025 avec des restrictions suppl\u00e9mentaires, sera finalement abandonn\u00e9e ou modifi\u00e9e pour concilier les imp\u00e9ratifs environnementaux et la justice sociale.<\/p>\n","protected":false},"excerpt":{"rendered":"<p>La r\u00e9cente d\u00e9cision concernant les Zones \u00e0 Faibles \u00c9missions (ZFE) repr\u00e9sente un changement majeur pour les conducteurs fran\u00e7ais. Un amendement adopt\u00e9 par une commission parlementaire propose la suppression de ce dispositif qui limite la circulation des v\u00e9hicules les plus polluants dans certaines villes. Cette nouvelle suscite de l&rsquo;espoir parmi de nombreux automobilistes qui \u00e9taient jusqu&rsquo;alors [&hellip;]<\/p>\n","protected":false},"author":2,"featured_media":605,"comment_status":"open","ping_status":"open","sticky":false,"template":"","format":"standard","meta":{"_seopress_robots_primary_cat":"","_seopress_titles_title":"","_seopress_titles_desc":"","_seopress_robots_index":"","footnotes":""},"categories":[8],"tags":[],"class_list":{"0":"post-604","1":"post","2":"type-post","3":"status-publish","4":"format-standard","5":"has-post-thumbnail","7":"category-consommation"},"_links":{"self":[{"href":"https:\/\/www.lycee-eca.fr\/actu\/wp-json\/wp\/v2\/posts\/604","targetHints":{"allow":["GET"]}}],"collection":[{"href":"https:\/\/www.lycee-eca.fr\/actu\/wp-json\/wp\/v2\/posts"}],"about":[{"href":"https:\/\/www.lycee-eca.fr\/actu\/wp-json\/wp\/v2\/types\/post"}],"author":[{"embeddable":true,"href":"https:\/\/www.lycee-eca.fr\/actu\/wp-json\/wp\/v2\/users\/2"}],"replies":[{"embeddable":true,"href":"https:\/\/www.lycee-eca.fr\/actu\/wp-json\/wp\/v2\/comments?post=604"}],"version-history":[{"count":1,"href":"https:\/\/www.lycee-eca.fr\/actu\/wp-json\/wp\/v2\/posts\/604\/revisions"}],"predecessor-version":[{"id":1232,"href":"https:\/\/www.lycee-eca.fr\/actu\/wp-json\/wp\/v2\/posts\/604\/revisions\/1232"}],"wp:featuredmedia":[{"embeddable":true,"href":"https:\/\/www.lycee-eca.fr\/actu\/wp-json\/wp\/v2\/media\/605"}],"wp:attachment":[{"href":"https:\/\/www.lycee-eca.fr\/actu\/wp-json\/wp\/v2\/media?parent=604"}],"wp:term":[{"taxonomy":"category","embeddable":true,"href":"https:\/\/www.lycee-eca.fr\/actu\/wp-json\/wp\/v2\/categories?post=604"},{"taxonomy":"post_tag","embeddable":true,"href":"https:\/\/www.lycee-eca.fr\/actu\/wp-json\/wp\/v2\/tags?post=604"}],"curies":[{"name":"wp","href":"https:\/\/api.w.org\/{rel}","templated":true}]}}