{"id":695,"date":"2025-09-09T16:36:00","date_gmt":"2025-09-09T14:36:00","guid":{"rendered":"https:\/\/www.lycee-eca.fr\/actu\/?p=695"},"modified":"2025-09-08T01:28:43","modified_gmt":"2025-09-07T23:28:43","slug":"ce-gel-douche-est-le-meilleur-pour-la-peau-selon-60-millions-de-consommateurs-il-est-a-moins-de-4e","status":"publish","type":"post","link":"https:\/\/www.lycee-eca.fr\/actu\/ce-gel-douche-est-le-meilleur-pour-la-peau-selon-60-millions-de-consommateurs-il-est-a-moins-de-4e\/","title":{"rendered":"Ce gel douche est le meilleur pour la peau selon 60 Millions de consommateurs, il est \u00e0 moins de 4\u20ac"},"content":{"rendered":"\n<p>Chaque jour, des millions de citoyens fran\u00e7ais se glissent sous la douche et attrapent machinalement leur gel de douche. Le parfum agr\u00e9able et la mousse abondante donnent l&rsquo;impression d&rsquo;avoir pris la bonne d\u00e9cision. Mais que savons-nous r\u00e9ellement des produits que nous utilisons quotidiennement sur notre peau? Le magazine 60 Millions de consommateurs a r\u00e9cemment apport\u00e9 des r\u00e9ponses \u00e0 cette question avec une \u00e9tude r\u00e9v\u00e9latrice publi\u00e9e en mai 2025.<\/p>\n\n\n\n<h2 class=\"wp-block-heading\">Les r\u00e9v\u00e9lations surprenantes concernant les gels de douche du quotidien<\/h2>\n\n\n\n<p>Ce magazine de d\u00e9fense des consommateurs a examin\u00e9 attentivement 13 r\u00e9f\u00e9rences de gels de douche disponibles sur le march\u00e9 fran\u00e7ais. \u00c0 l&rsquo;aide du Cosm\u00e9to&rsquo;Score, un outil d&rsquo;\u00e9valuation, chaque produit a \u00e9t\u00e9 analys\u00e9 selon deux crit\u00e8res fondamentaux : l&rsquo;impact sur la sant\u00e9 et l&#8217;empreinte \u00e9cologique.<\/p>\n\n\n\n<p>Les conclusions sont frappantes : de nombreux produits populaires renferment encore des <strong>composants potentiellement irritants ou allerg\u00e8nes<\/strong>, malgr\u00e9 les all\u00e9gations de douceur mises en avant sur leurs emballages. Les mentions telles que \u00ab\u00a0hypoallerg\u00e9nique\u00a0\u00bb ou \u00ab\u00a0formule douce\u00a0\u00bb ne garantissent pas syst\u00e9matiquement une composition irr\u00e9prochable.<\/p>\n\n\n\n<p>L&rsquo;enqu\u00eate r\u00e9v\u00e8le \u00e9galement que <strong>un prix \u00e9lev\u00e9 ne rime pas toujours avec une qualit\u00e9 sup\u00e9rieure<\/strong>. Certains produits haut de gamme obtiennent des notes m\u00e9diocres, tandis que des r\u00e9f\u00e9rences \u00e9conomiques se distinguent par leur formulation respectueuse de la peau.<\/p>\n\n\n\n<h2 class=\"wp-block-heading\">Le produit surprenant \u00e0 moins de 4 euros<\/h2>\n\n\n\n<p>Parmi les gels de douche classiques en format liquide, un produit se d\u00e9marque tout particuli\u00e8rement : le <strong>Gel douche Z\u00e9ro hypoallerg\u00e9nique hydratant de Sanex<\/strong>. Propos\u00e9 \u00e0 moins de 4 euros pour un flacon de 475 ml, il obtient une note sant\u00e9 B selon le Cosm\u00e9to&rsquo;Score, le positionnant ainsi parmi les meilleurs de sa cat\u00e9gorie.<\/p>\n\n\n\n<p>Ce produit abordable d\u00e9montre qu&rsquo;il est possible de prendre soin de sa peau sans se ruiner. Sa formulation \u00e9quilibr\u00e9e et son prix comp\u00e9titif en font un choix id\u00e9al pour les familles soucieuses \u00e0 la fois de leur budget et de leur sant\u00e9.<\/p>\n\n\n\n<figure class=\"wp-block-table\"><table class=\"has-fixed-layout\"><tbody><tr><th>Produit<\/th><th>Prix<\/th><th>Note Sant\u00e9<\/th><th>Note Environnement<\/th><\/tr><tr><td>Gel douche 900 Care (\u00e0 reconstituer)<\/td><td>2,49 \u20ac<\/td><td>A<\/td><td>A<\/td><\/tr><tr><td>Gel douche Z\u00e9ro Sanex<\/td><td>4 \u20ac<\/td><td>B<\/td><td>Non pr\u00e9cis\u00e9<\/td><\/tr><\/tbody><\/table><\/figure>\n\n\n\n<h2 class=\"wp-block-heading\">L&rsquo;innovation r\u00e9volutionnant le march\u00e9 des gels de douche<\/h2>\n\n\n\n<p>Si le gel Sanex se distingue dans la cat\u00e9gorie des formats traditionnels, la v\u00e9ritable r\u00e9volution provient d&rsquo;ailleurs. Le produit le plus remarquable identifi\u00e9 par 60 Millions de consommateurs est un gel de douche au concept novateur : <strong>un gel \u00e0 reconstituer propos\u00e9 par la marque 900 Care<\/strong>.<\/p>\n\n\n\n<p>Ce produit se pr\u00e9sente sous forme de petit b\u00e2tonnet \u00e0 dissoudre dans un flacon vide. Sa formulation sans eau initiale lui permet d&rsquo;obtenir la note maximale A, tant pour la sant\u00e9 que pour l&rsquo;environnement. Et son prix? Seulement 2,49 euros, ce qui en fait le produit le plus sain <em>et<\/em> le plus \u00e9conomique de l&rsquo;\u00e9tude comparative.<\/p>\n\n\n\n<p>Les avantages de ce type de produit sont multiples :<\/p>\n\n\n\n<ul class=\"wp-block-list\">\n<li>Absence d&rsquo;ingr\u00e9dients controvers\u00e9s<\/li>\n\n\n\n<li>Impact environnemental r\u00e9duit<\/li>\n\n\n\n<li>Prix comp\u00e9titif<\/li>\n\n\n\n<li>Format compact et pratique<\/li>\n\n\n\n<li>Efficacit\u00e9 de nettoyage pr\u00e9serv\u00e9e<\/li>\n<\/ul>\n\n\n\n<h2 class=\"wp-block-heading\">Revoir nos habitudes d&rsquo;hygi\u00e8ne quotidienne<\/h2>\n\n\n\n<p>Cette \u00e9tude de 60 Millions de consommateurs nous encourage \u00e0 repenser nos crit\u00e8res de s\u00e9lection habituels. L&rsquo;odeur envo\u00fbtante et la mousse abondante ne suffisent plus \u00e0 garantir la qualit\u00e9 des produits face aux enjeux actuels de sant\u00e9 et d&rsquo;\u00e9cologie.<\/p>\n\n\n\n<p>Les <em>formats novateurs tels que les gels \u00e0 reconstituer<\/em> offrent une alternative prometteuse aux produits traditionnels. Ils associent souvent des formulations plus saines \u00e0 un impact environnemental r\u00e9duit, tout en restant abordables financi\u00e8rement.<\/p>\n\n\n\n<p>Pour les consommateurs pr\u00e9f\u00e9rant rester fid\u00e8les aux formats classiques, l&rsquo;\u00e9tude confirme la disponibilit\u00e9 d&rsquo;options responsables \u00e0 des prix abordables, comme le gel de douche Sanex mentionn\u00e9 pr\u00e9c\u00e9demment.<\/p>\n\n\n\n<p>Cette enqu\u00eate approfondie souligne l&rsquo;importance de d\u00e9passer le marketing et les habitudes pour faire des choix \u00e9clair\u00e9s qui pr\u00e9servent \u00e0 la fois notre peau et notre plan\u00e8te, sans n\u00e9cessairement impacter notre budget de mani\u00e8re significative.<\/p>\n","protected":false},"excerpt":{"rendered":"<p>Chaque jour, des millions de citoyens fran\u00e7ais se glissent sous la douche et attrapent machinalement leur gel de douche. Le parfum agr\u00e9able et la mousse abondante donnent l&rsquo;impression d&rsquo;avoir pris la bonne d\u00e9cision. Mais que savons-nous r\u00e9ellement des produits que nous utilisons quotidiennement sur notre peau? Le magazine 60 Millions de consommateurs a r\u00e9cemment apport\u00e9 [&hellip;]<\/p>\n","protected":false},"author":2,"featured_media":696,"comment_status":"open","ping_status":"open","sticky":false,"template":"","format":"standard","meta":{"_seopress_robots_primary_cat":"","_seopress_titles_title":"","_seopress_titles_desc":"","_seopress_robots_index":"","footnotes":""},"categories":[8],"tags":[],"class_list":{"0":"post-695","1":"post","2":"type-post","3":"status-publish","4":"format-standard","5":"has-post-thumbnail","7":"category-consommation"},"_links":{"self":[{"href":"https:\/\/www.lycee-eca.fr\/actu\/wp-json\/wp\/v2\/posts\/695","targetHints":{"allow":["GET"]}}],"collection":[{"href":"https:\/\/www.lycee-eca.fr\/actu\/wp-json\/wp\/v2\/posts"}],"about":[{"href":"https:\/\/www.lycee-eca.fr\/actu\/wp-json\/wp\/v2\/types\/post"}],"author":[{"embeddable":true,"href":"https:\/\/www.lycee-eca.fr\/actu\/wp-json\/wp\/v2\/users\/2"}],"replies":[{"embeddable":true,"href":"https:\/\/www.lycee-eca.fr\/actu\/wp-json\/wp\/v2\/comments?post=695"}],"version-history":[{"count":1,"href":"https:\/\/www.lycee-eca.fr\/actu\/wp-json\/wp\/v2\/posts\/695\/revisions"}],"predecessor-version":[{"id":1261,"href":"https:\/\/www.lycee-eca.fr\/actu\/wp-json\/wp\/v2\/posts\/695\/revisions\/1261"}],"wp:featuredmedia":[{"embeddable":true,"href":"https:\/\/www.lycee-eca.fr\/actu\/wp-json\/wp\/v2\/media\/696"}],"wp:attachment":[{"href":"https:\/\/www.lycee-eca.fr\/actu\/wp-json\/wp\/v2\/media?parent=695"}],"wp:term":[{"taxonomy":"category","embeddable":true,"href":"https:\/\/www.lycee-eca.fr\/actu\/wp-json\/wp\/v2\/categories?post=695"},{"taxonomy":"post_tag","embeddable":true,"href":"https:\/\/www.lycee-eca.fr\/actu\/wp-json\/wp\/v2\/tags?post=695"}],"curies":[{"name":"wp","href":"https:\/\/api.w.org\/{rel}","templated":true}]}}