{"id":713,"date":"2025-09-02T11:04:00","date_gmt":"2025-09-02T09:04:00","guid":{"rendered":"https:\/\/www.lycee-eca.fr\/actu\/?p=713"},"modified":"2025-09-01T21:33:02","modified_gmt":"2025-09-01T19:33:02","slug":"tout-le-monde-le-fait-dans-son-jardin-cest-interdit-a-partir-de-cette-date-gare-a-la-grosse-amende","status":"publish","type":"post","link":"https:\/\/www.lycee-eca.fr\/actu\/tout-le-monde-le-fait-dans-son-jardin-cest-interdit-a-partir-de-cette-date-gare-a-la-grosse-amende\/","title":{"rendered":"Tout le monde le fait dans son jardin\u00a0: c&rsquo;est interdit \u00e0 partir de cette date, gare \u00e0 la grosse amende"},"content":{"rendered":"<p>La pratique de la taille des haies est une activit\u00e9 fr\u00e9quente parmi les propri\u00e9taires de jardins. Cependant, une r\u00e9glementation peu connue restreint cette pratique \u00e0 certaines p\u00e9riodes de l&rsquo;ann\u00e9e afin de pr\u00e9server la biodiversit\u00e9. De nombreux jardiniers ne sont pas conscients de ces restrictions et risquent des amendes importantes.<\/p>\n<h2>Limitations saisonni\u00e8res pour la protection des oiseaux<\/h2>\n<p>Le printemps marque le d\u00e9but de la saison de reproduction pour de nombreuses esp\u00e8ces d&rsquo;oiseaux qui trouvent refuge dans les haies. Ces espaces verts offrent un environnement s\u00fbr et prot\u00e9g\u00e9 pour la reproduction et l&rsquo;\u00e9levage des oisillons.<\/p>\n<p>La Ligue de Protection des Oiseaux (LPO) recommande vivement d&rsquo;\u00e9viter toute intervention sur les haies entre mi-mars et fin ao\u00fbt. Malgr\u00e9 son existence depuis plusieurs ann\u00e9es, cette recommandation reste peu connue du grand public.<\/p>\n<p>L&rsquo;interdiction est en vigueur \u00e0 partir du 16 mars dans plusieurs r\u00e9gions de France. La Politique Agricole Commune (PAC) interdit formellement la taille et l&rsquo;\u00e9lagage des haies pour ses b\u00e9n\u00e9ficiaires jusqu&rsquo;au 15 ao\u00fbt. De m\u00eame, l&rsquo;article 4 de l&rsquo;arr\u00eat\u00e9 du 24 avril 2015 interdit cette pratique aux agriculteurs du 1er avril au 30 juillet.<\/p>\n<p>Ces p\u00e9riodes correspondent \u00e0 des moments critiques de reproduction de la faune sauvage, o\u00f9 les jeunes animaux sont particuli\u00e8rement vuln\u00e9rables. Toute intervention pendant cette p\u00e9riode peut entra\u00eener la destruction de nids et perturber le cycle de reproduction de nombreuses esp\u00e8ces prot\u00e9g\u00e9es.<\/p>\n<h2>Sanctions pour les particuliers n\u00e9gligents<\/h2>\n<p>Contrairement \u00e0 une croyance r\u00e9pandue, les particuliers ne sont pas exempt\u00e9s de ces r\u00e9glementations environnementales. De nombreuses municipalit\u00e9s et d\u00e9partements ont mis en place des arr\u00eat\u00e9s sp\u00e9cifiques interdisant la taille des haies apr\u00e8s le 16 mars.<\/p>\n<p>Les sanctions peuvent \u00eatre s\u00e9v\u00e8res, comme le montre l&rsquo;exemple du d\u00e9partement des Vosges qui impose une amende de 750 euros aux contrevenants depuis 2023. Cette amende peut sembler importante, mais elle est minime par rapport aux sanctions pr\u00e9vues en cas de pr\u00e9judice direct \u00e0 la faune prot\u00e9g\u00e9e.<\/p>\n<p>L&rsquo;article L. 415-3 du Code de l&rsquo;environnement pr\u00e9voit des peines pouvant aller jusqu&rsquo;\u00e0 :<\/p>\n<ul>\n<li>Trois ans d&#8217;emprisonnement<\/li>\n<li>150 000 euros d&rsquo;amende<\/li>\n<li>Obligation de remise en \u00e9tat des lieux<\/li>\n<li>Confiscation du mat\u00e9riel ayant servi \u00e0 l&rsquo;infraction<\/li>\n<\/ul>\n<p>Ces sanctions s&rsquo;appliquent en cas d&rsquo;atteinte \u00e0 la conservation d&rsquo;esp\u00e8ces animales non domestiques et \u00e0 la destruction de leur habitat. Il est donc essentiel pour chaque propri\u00e9taire de jardin de se renseigner aupr\u00e8s de sa mairie sur les r\u00e9glementations locales en vigueur.<\/p>\n<h2>Options pour entretenir son jardin l\u00e9galement<\/h2>\n<p>Face \u00e0 ces restrictions saisonni\u00e8res, de nombreuses activit\u00e9s de jardinage restent autoris\u00e9es pour embellir son ext\u00e9rieur sans risquer de sanctions.<\/p>\n<table>\n<tr>\n<th>Activit\u00e9s autoris\u00e9es<\/th>\n<th>B\u00e9n\u00e9fices \u00e9cologiques<\/th>\n<\/tr>\n<tr>\n<td>D\u00e9sherbage manuel<\/td>\n<td>\u00c9vite l&rsquo;utilisation de produits chimiques<\/td>\n<\/tr>\n<tr>\n<td>Entretien des pelouses<\/td>\n<td>Pr\u00e9serve les zones de repos pour la petite faune<\/td>\n<\/tr>\n<tr>\n<td>Plantation de v\u00e9g\u00e9taux mellif\u00e8res<\/td>\n<td>Favorise la pr\u00e9sence des pollinisateurs<\/td>\n<\/tr>\n<tr>\n<td>Installation de nichoirs<\/td>\n<td>Offre des alternatives de nidification<\/td>\n<\/tr>\n<\/table>\n<p>Le printemps est une p\u00e9riode id\u00e9ale pour enrichir son jardin avec de nouvelles plantations adapt\u00e9es \u00e0 la saison. Les plantes mellif\u00e8res attirent les pollinisateurs et contribuent \u00e0 l&rsquo;\u00e9quilibre \u00e9cologique de votre espace vert.<\/p>\n<p>L&rsquo;am\u00e9nagement d&rsquo;espaces d\u00e9di\u00e9s \u00e0 la biodiversit\u00e9 transforme cette contrainte r\u00e9glementaire en opportunit\u00e9. La cr\u00e9ation d&rsquo;h\u00f4tels \u00e0 insectes, l&rsquo;installation de mangeoires ou la mise en place de points d&rsquo;eau favorisent la pr\u00e9sence d&rsquo;auxiliaires naturels b\u00e9n\u00e9fiques pour l&rsquo;\u00e9cosyst\u00e8me du jardin.<\/p>\n<p>Pour les jardiniers qui doivent absolument intervenir sur certains v\u00e9g\u00e9taux pendant la p\u00e9riode d&rsquo;interdiction, il est imp\u00e9ratif de v\u00e9rifier pr\u00e9alablement l&rsquo;absence de nids dans les branches concern\u00e9es. Dans tous les cas, le report des travaux apr\u00e8s la p\u00e9riode de nidification reste la solution la plus respectueuse de l&rsquo;environnement et la plus s\u00fbre pour \u00e9viter les sanctions.<\/p>\n","protected":false},"excerpt":{"rendered":"<p>La pratique de la taille des haies est une activit\u00e9 fr\u00e9quente parmi les propri\u00e9taires de jardins. Cependant, une r\u00e9glementation peu connue restreint cette pratique \u00e0 certaines p\u00e9riodes de l&rsquo;ann\u00e9e afin de pr\u00e9server la biodiversit\u00e9. De nombreux jardiniers ne sont pas conscients de ces restrictions et risquent des amendes importantes. Limitations saisonni\u00e8res pour la protection des [&hellip;]<\/p>\n","protected":false},"author":2,"featured_media":714,"comment_status":"open","ping_status":"open","sticky":false,"template":"","format":"standard","meta":{"_seopress_robots_primary_cat":"","_seopress_titles_title":"","_seopress_titles_desc":"","_seopress_robots_index":"","footnotes":""},"categories":[12],"tags":[],"class_list":{"0":"post-713","1":"post","2":"type-post","3":"status-publish","4":"format-standard","5":"has-post-thumbnail","7":"category-loisirs"},"_links":{"self":[{"href":"https:\/\/www.lycee-eca.fr\/actu\/wp-json\/wp\/v2\/posts\/713","targetHints":{"allow":["GET"]}}],"collection":[{"href":"https:\/\/www.lycee-eca.fr\/actu\/wp-json\/wp\/v2\/posts"}],"about":[{"href":"https:\/\/www.lycee-eca.fr\/actu\/wp-json\/wp\/v2\/types\/post"}],"author":[{"embeddable":true,"href":"https:\/\/www.lycee-eca.fr\/actu\/wp-json\/wp\/v2\/users\/2"}],"replies":[{"embeddable":true,"href":"https:\/\/www.lycee-eca.fr\/actu\/wp-json\/wp\/v2\/comments?post=713"}],"version-history":[{"count":1,"href":"https:\/\/www.lycee-eca.fr\/actu\/wp-json\/wp\/v2\/posts\/713\/revisions"}],"predecessor-version":[{"id":1163,"href":"https:\/\/www.lycee-eca.fr\/actu\/wp-json\/wp\/v2\/posts\/713\/revisions\/1163"}],"wp:featuredmedia":[{"embeddable":true,"href":"https:\/\/www.lycee-eca.fr\/actu\/wp-json\/wp\/v2\/media\/714"}],"wp:attachment":[{"href":"https:\/\/www.lycee-eca.fr\/actu\/wp-json\/wp\/v2\/media?parent=713"}],"wp:term":[{"taxonomy":"category","embeddable":true,"href":"https:\/\/www.lycee-eca.fr\/actu\/wp-json\/wp\/v2\/categories?post=713"},{"taxonomy":"post_tag","embeddable":true,"href":"https:\/\/www.lycee-eca.fr\/actu\/wp-json\/wp\/v2\/tags?post=713"}],"curies":[{"name":"wp","href":"https:\/\/api.w.org\/{rel}","templated":true}]}}