{"id":788,"date":"2025-09-20T11:48:00","date_gmt":"2025-09-20T09:48:00","guid":{"rendered":"https:\/\/www.lycee-eca.fr\/actu\/?p=788"},"modified":"2025-09-18T00:29:06","modified_gmt":"2025-09-17T22:29:06","slug":"une-famille-a-t-elle-reellement-percu-6000e-dallocations-par-mois-de-la-part-de-la-caf","status":"publish","type":"post","link":"https:\/\/www.lycee-eca.fr\/actu\/une-famille-a-t-elle-reellement-percu-6000e-dallocations-par-mois-de-la-part-de-la-caf\/","title":{"rendered":"Une famille a-t-elle r\u00e9ellement per\u00e7u 6000\u20ac d&rsquo;allocations par mois de la part de la CAF ?"},"content":{"rendered":"\n<p>La controverse qui a enflamm\u00e9 les m\u00e9dias sociaux en juin 2024 au sujet d&rsquo;une famille pr\u00e9tendument b\u00e9n\u00e9ficiaire de plus de 6000 euros d&rsquo;allocations mensuelles de la CAF n\u00e9cessite un examen approfondi. Cette pol\u00e9mique s&rsquo;inscrit dans un contexte plus large de discussions sur les prestations sociales en France.<\/p>\n\n\n\n<h2 class=\"wp-block-heading\">Analyse d&rsquo;une controverse concernant les allocations familiales<\/h2>\n\n\n\n<p>En juin 2024, un post sur le r\u00e9seau social X (anciennement Twitter) a suscit\u00e9 de vives r\u00e9actions. Un utilisateur y a partag\u00e9 un document de la CAF indiquant un paiement de <strong>6087,55 euros \u00e0 une famille<\/strong> qu&rsquo;il a d\u00e9crite comme \u00ab\u00a0d&rsquo;origine \u00e9rythr\u00e9enne\u00a0\u00bb. Ce post, rapidement viral, regroupait diverses aides : allocation personnalis\u00e9e au logement, allocations familiales, compl\u00e9ment familial, allocation de soutien familial et RSA.<\/p>\n\n\n\n<p>En r\u00e9ponse, <strong>la Caisse d&rsquo;Allocations Familiales a rapidement r\u00e9agi<\/strong> en d\u00e9non\u00e7ant la pr\u00e9sentation comme \u00ab\u00a0totalement mensong\u00e8re\u00a0\u00bb. L&rsquo;organisme a expliqu\u00e9 que ce montant exceptionnellement \u00e9lev\u00e9 \u00e9tait d\u00fb \u00e0 une r\u00e9gularisation sp\u00e9cifique. La famille en question avait ainsi re\u00e7u en mai 2024 un versement r\u00e9troactif d&rsquo;aides non per\u00e7ues pendant plusieurs mois, en raison d&rsquo;un document manquant provenant d&rsquo;un partenaire de l&rsquo;organisme.<\/p>\n\n\n\n<p>Antoine Math, chercheur \u00e0 l&rsquo;Institut de recherches \u00e9conomiques et sociales, a soulign\u00e9 lors d&rsquo;une interview avec l&rsquo;AFP qu&rsquo;il n&rsquo;y avait aucun \u00e9l\u00e9ment permettant de confirmer l&rsquo;origine \u00e9rythr\u00e9enne de cette famille, contrairement aux affirmations du post initial.<\/p>\n\n\n\n<h2 class=\"wp-block-heading\">Mise en lumi\u00e8re du syst\u00e8me d&rsquo;aides sociales fran\u00e7ais<\/h2>\n\n\n\n<p>En France, le dispositif d&rsquo;aides sociales repose sur divers programmes principalement g\u00e9r\u00e9s par la CAF. Ces aides sont destin\u00e9es \u00e0 soutenir les m\u00e9nages dans diff\u00e9rentes situations de vie. Voici les principales prestations disponibles :<\/p>\n\n\n\n<ul class=\"wp-block-list\">\n<li>Les allocations familiales pour les foyers avec au moins deux enfants<\/li>\n\n\n\n<li>Le RSA (Revenu de Solidarit\u00e9 Active) pour les individus sans ressources<\/li>\n\n\n\n<li>La prime d&rsquo;activit\u00e9 pour les travailleurs aux revenus modestes<\/li>\n\n\n\n<li>Les aides au logement (APL, ALF, ALS) pour soutenir les d\u00e9penses li\u00e9es au logement<\/li>\n\n\n\n<li>L&rsquo;allocation de rentr\u00e9e scolaire vers\u00e9e une fois par an<\/li>\n<\/ul>\n\n\n\n<p>Les montants varient en fonction de <strong>la composition du foyer et de sa situation financi\u00e8re<\/strong>. Pour une famille nombreuse b\u00e9n\u00e9ficiant de plusieurs dispositifs, les sommes peuvent effectivement \u00eatre cons\u00e9quentes, notamment lors de versements exceptionnels tels que des rappels ou des r\u00e9gularisations.<\/p>\n\n\n\n<figure class=\"wp-block-table\"><table class=\"has-fixed-layout\"><tbody><tr><th>Type d&rsquo;aide<\/th><th>Crit\u00e8res principaux<\/th><th>Fr\u00e9quence de versement<\/th><\/tr><tr><td>Allocations familiales<\/td><td>Avoir au moins 2 enfants<\/td><td>Mensuelle<\/td><\/tr><tr><td>RSA<\/td><td>Ressources limit\u00e9es, conditions d&rsquo;\u00e2ge et de r\u00e9sidence<\/td><td>Mensuelle<\/td><\/tr><tr><td>Allocation rentr\u00e9e scolaire<\/td><td>Enfants scolaris\u00e9s de 6 \u00e0 18 ans<\/td><td>Annuelle (ao\u00fbt)<\/td><\/tr><\/tbody><\/table><\/figure>\n\n\n\n<h2 class=\"wp-block-heading\">Les m\u00e9dias sociaux, amplificateurs de d\u00e9bats sur les aides sociales<\/h2>\n\n\n\n<p>Ce n&rsquo;est pas la premi\u00e8re fois que des documents de la CAF suscitent des controverses sur les r\u00e9seaux sociaux. En 2022, <strong>\u00c9ric Ciotti, pr\u00e9sident des R\u00e9publicains<\/strong>, avait d\u00e9j\u00e0 partag\u00e9 une image similaire montrant 6000 euros d&rsquo;allocations pour une famille de dix enfants, accompagn\u00e9e du commentaire \u00ab\u00a0voil\u00e0 o\u00f9 va l&rsquo;argent des Fran\u00e7ais !\u00a0\u00bb<\/p>\n\n\n\n<p>Dans ce cas \u00e9galement, la CAF avait d\u00fb clarifier que ce montant englobait diverses aides, dont <em>une allocation de rentr\u00e9e scolaire de 2000 euros vers\u00e9e une seule fois par an<\/em>, et non mensuellement.<\/p>\n\n\n\n<p>Face \u00e0 ces publications virales r\u00e9currentes, la CAF appelle r\u00e9guli\u00e8rement \u00e0 \u00ab\u00a0la prudence dans l&rsquo;interpr\u00e9tation et le partage de ce type de contenus volontairement exag\u00e9r\u00e9s et provocateurs\u00a0\u00bb. Ces controverses s&rsquo;inscrivent dans un <em>d\u00e9bat politique plus large sur l&rsquo;octroi des aides sociales<\/em>, notamment en ce qui concerne les individus d&rsquo;origine \u00e9trang\u00e8re.<\/p>\n\n\n\n<p>Ces pol\u00e9miques illustrent comment les m\u00e9dias sociaux peuvent amplifier des cas particuliers et exceptionnels, pr\u00e9sent\u00e9s hors contexte, alimentant ainsi des discussions sensibles sur la redistribution et la solidarit\u00e9 nationale.<\/p>\n","protected":false},"excerpt":{"rendered":"<p>La controverse qui a enflamm\u00e9 les m\u00e9dias sociaux en juin 2024 au sujet d&rsquo;une famille pr\u00e9tendument b\u00e9n\u00e9ficiaire de plus de 6000 euros d&rsquo;allocations mensuelles de la CAF n\u00e9cessite un examen approfondi. Cette pol\u00e9mique s&rsquo;inscrit dans un contexte plus large de discussions sur les prestations sociales en France. Analyse d&rsquo;une controverse concernant les allocations familiales En [&hellip;]<\/p>\n","protected":false},"author":2,"featured_media":789,"comment_status":"open","ping_status":"open","sticky":false,"template":"","format":"standard","meta":{"_seopress_robots_primary_cat":"","_seopress_titles_title":"","_seopress_titles_desc":"","_seopress_robots_index":"","footnotes":""},"categories":[7],"tags":[],"class_list":{"0":"post-788","1":"post","2":"type-post","3":"status-publish","4":"format-standard","5":"has-post-thumbnail","7":"category-societe"},"_links":{"self":[{"href":"https:\/\/www.lycee-eca.fr\/actu\/wp-json\/wp\/v2\/posts\/788","targetHints":{"allow":["GET"]}}],"collection":[{"href":"https:\/\/www.lycee-eca.fr\/actu\/wp-json\/wp\/v2\/posts"}],"about":[{"href":"https:\/\/www.lycee-eca.fr\/actu\/wp-json\/wp\/v2\/types\/post"}],"author":[{"embeddable":true,"href":"https:\/\/www.lycee-eca.fr\/actu\/wp-json\/wp\/v2\/users\/2"}],"replies":[{"embeddable":true,"href":"https:\/\/www.lycee-eca.fr\/actu\/wp-json\/wp\/v2\/comments?post=788"}],"version-history":[{"count":1,"href":"https:\/\/www.lycee-eca.fr\/actu\/wp-json\/wp\/v2\/posts\/788\/revisions"}],"predecessor-version":[{"id":1426,"href":"https:\/\/www.lycee-eca.fr\/actu\/wp-json\/wp\/v2\/posts\/788\/revisions\/1426"}],"wp:featuredmedia":[{"embeddable":true,"href":"https:\/\/www.lycee-eca.fr\/actu\/wp-json\/wp\/v2\/media\/789"}],"wp:attachment":[{"href":"https:\/\/www.lycee-eca.fr\/actu\/wp-json\/wp\/v2\/media?parent=788"}],"wp:term":[{"taxonomy":"category","embeddable":true,"href":"https:\/\/www.lycee-eca.fr\/actu\/wp-json\/wp\/v2\/categories?post=788"},{"taxonomy":"post_tag","embeddable":true,"href":"https:\/\/www.lycee-eca.fr\/actu\/wp-json\/wp\/v2\/tags?post=788"}],"curies":[{"name":"wp","href":"https:\/\/api.w.org\/{rel}","templated":true}]}}