{"id":864,"date":"2025-08-28T10:39:00","date_gmt":"2025-08-28T08:39:00","guid":{"rendered":"https:\/\/www.lycee-eca.fr\/actu\/?p=864"},"modified":"2025-08-28T12:38:35","modified_gmt":"2025-08-28T10:38:35","slug":"cheque-energie-2025-une-nouveaute-confirmee-pour-les-menages-modestes-je-vais-toucher-246e-cette-annee","status":"publish","type":"post","link":"https:\/\/www.lycee-eca.fr\/actu\/cheque-energie-2025-une-nouveaute-confirmee-pour-les-menages-modestes-je-vais-toucher-246e-cette-annee\/","title":{"rendered":"Ch\u00e8que \u00e9nergie 2025 : une nouveaut\u00e9 confirm\u00e9e pour les m\u00e9nages modestes \u00ab\u00a0je vais toucher 246\u20ac cette ann\u00e9e\u00a0\u00bb"},"content":{"rendered":"\n<p>Le gouvernement fran\u00e7ais a r\u00e9cemment d\u00e9voil\u00e9 le calendrier d&rsquo;envoi des ch\u00e8ques \u00e9nergie pour l&rsquo;ann\u00e9e 2025. Cette ann\u00e9e, la distribution de cette aide cruciale, tant attendue par de nombreux foyers modestes, d\u00e9butera en novembre 2025, avec un retard significatif par rapport aux ann\u00e9es pr\u00e9c\u00e9dentes. Marc Ferracci, Ministre en charge de l&rsquo;Industrie et de l&rsquo;\u00c9nergie, a confirm\u00e9 officiellement ce d\u00e9calage par rapport \u00e0 la p\u00e9riode habituelle de distribution printani\u00e8re.<\/p>\n\n\n\n<h2 class=\"wp-block-heading\">Le calendrier exceptionnel du ch\u00e8que \u00e9nergie 2025<\/h2>\n\n\n\n<p>Contrairement \u00e0 son envoi habituel au printemps, le <strong>ch\u00e8que \u00e9nergie 2025 sera exceptionnellement envoy\u00e9 \u00e0 partir de novembre<\/strong>. Ce retard inhabituel est d\u00fb principalement \u00e0 l&rsquo;adoption tardive de la Loi de finances 2025, conditionnant l&rsquo;ensemble des dispositifs d&rsquo;aides gouvernementales. Le minist\u00e8re a pr\u00e9cis\u00e9 que les envois se feront progressivement sur plusieurs semaines, selon un calendrier d\u00e9partemental \u00e9chelonn\u00e9.<\/p>\n\n\n\n<p>Face \u00e0 ce d\u00e9lai suppl\u00e9mentaire, le ministre Ferracci a appel\u00e9 les fournisseurs d&rsquo;\u00e9nergie \u00e0 faire preuve de compr\u00e9hension envers les m\u00e9nages en difficult\u00e9. Il les incite notamment \u00e0 <em>maintenir les protections li\u00e9es au dispositif et \u00e0 \u00e9viter les coupures d&rsquo;approvisionnement<\/em> pour les foyers confront\u00e9s \u00e0 des impay\u00e9s.<\/p>\n\n\n\n<p>Les b\u00e9n\u00e9ficiaires des ann\u00e9es pr\u00e9c\u00e9dentes b\u00e9n\u00e9ficieront des m\u00eames protections jusqu&rsquo;\u00e0 la r\u00e9ception de leur nouveau ch\u00e8que. Cette mesure transitoire vise \u00e0 prot\u00e9ger les foyers vuln\u00e9rables pendant cette p\u00e9riode d&rsquo;attente prolong\u00e9e.<\/p>\n\n\n\n<h2 class=\"wp-block-heading\">Un dispositif essentiel dans un contexte de pr\u00e9carit\u00e9 \u00e9nerg\u00e9tique croissante<\/h2>\n\n\n\n<p>Le ch\u00e8que \u00e9nergie joue un r\u00f4le crucial dans la lutte contre la pr\u00e9carit\u00e9 \u00e9nerg\u00e9tique, un ph\u00e9nom\u00e8ne en augmentation constante. Le M\u00e9diateur national de l&rsquo;\u00e9nergie signale une hausse alarmante des difficult\u00e9s de paiement parmi les m\u00e9nages fran\u00e7ais. En 2024, les interventions techniques pour impay\u00e9s ont atteint <strong>1,2 million de cas, en hausse de 24% par rapport \u00e0 l&rsquo;ann\u00e9e pr\u00e9c\u00e9dente<\/strong> et de 85,3% par rapport \u00e0 2019.<\/p>\n\n\n\n<p>Ces chiffres pr\u00e9occupants r\u00e9v\u00e8lent une d\u00e9t\u00e9rioration durable de la situation financi\u00e8re des foyers modestes, principalement due \u00e0:<\/p>\n\n\n\n<ul class=\"wp-block-list\">\n<li>L&rsquo;augmentation continue des prix de l&rsquo;\u00e9nergie en France<\/li>\n\n\n\n<li>Une inflation persistante<\/li>\n\n\n\n<li>La stagnation des revenus des foyers les plus vuln\u00e9rables<\/li>\n\n\n\n<li>L&rsquo;alourdissement des factures \u00e9nerg\u00e9tiques dans les budgets familiaux<\/li>\n<\/ul>\n\n\n\n<p>Malgr\u00e9 une baisse de 15% des tarifs r\u00e9glement\u00e9s en f\u00e9vrier 2025, le co\u00fbt moyen des factures reste nettement sup\u00e9rieur aux niveaux d&rsquo;avant 2020, continuant d&rsquo;impact financierement de nombreux foyers.<\/p>\n\n\n\n<h2 class=\"wp-block-heading\">Les crit\u00e8res d&rsquo;\u00e9ligibilit\u00e9 et les montants pour 2025<\/h2>\n\n\n\n<p>L&rsquo;acc\u00e8s au ch\u00e8que \u00e9nergie d\u00e9pend principalement de deux crit\u00e8res : <em>les revenus du titulaire du contrat d&rsquo;\u00e9lectricit\u00e9 et la composition du foyer<\/em>. Pour v\u00e9rifier votre \u00e9ligibilit\u00e9, consultez votre avis d&rsquo;imposition indiquant le total de vos ressources annuelles.<\/p>\n\n\n\n<p>Voici les plafonds de revenus \u00e0 respecter selon la situation familiale pour b\u00e9n\u00e9ficier de cette aide en 2025:<\/p>\n\n\n\n<figure class=\"wp-block-table\"><table class=\"has-fixed-layout\"><tbody><tr><th>Situation familiale<\/th><th>Plafond de revenus<\/th><\/tr><tr><td>Personne seule<\/td><td>11 000 \u20ac<\/td><\/tr><tr><td>Couple sans enfant<\/td><td>16 500 \u20ac<\/td><\/tr><tr><td>Couple avec 1 enfant<\/td><td>19 800 \u20ac<\/td><\/tr><tr><td>Couple avec 2 enfants<\/td><td>23 100 \u20ac<\/td><\/tr><tr><td>Couple avec 3 enfants<\/td><td>26 400 \u20ac<\/td><\/tr><tr><td>Famille monoparentale avec 1 enfant<\/td><td>16 500 \u20ac<\/td><\/tr><tr><td>Famille monoparentale avec 2 enfants<\/td><td>19 800 \u20ac<\/td><\/tr><\/tbody><\/table><\/figure>\n\n\n\n<h2 class=\"wp-block-heading\">Le nouveau syst\u00e8me semi-automatique d&rsquo;attribution<\/h2>\n\n\n\n<p>L&rsquo;ann\u00e9e 2025 marque un changement dans les modalit\u00e9s d&rsquo;attribution du ch\u00e8que \u00e9nergie. Jusqu&rsquo;\u00e0 pr\u00e9sent, <strong>tous les foyers \u00e9ligibles recevaient automatiquement leur aide<\/strong>, sans d\u00e9marche particuli\u00e8re. D\u00e9sormais, un syst\u00e8me semi-automatique est mis en place.<\/p>\n\n\n\n<p>Le processus d&rsquo;identification des b\u00e9n\u00e9ficiaires \u00e9voluera comme suit:<\/p>\n\n\n\n<ol class=\"wp-block-list\">\n<li>L&rsquo;\u00c9tat \u00e9tablira une liste principale de b\u00e9n\u00e9ficiaires en croisant les donn\u00e9es fiscales et les informations des gestionnaires de r\u00e9seaux publics d&rsquo;\u00e9lectricit\u00e9<\/li>\n\n\n\n<li>La plupart des foyers \u00e9ligibles continueront de recevoir leur ch\u00e8que sans aucune action requise<\/li>\n\n\n\n<li>Certains m\u00e9nages pourraient ne pas \u00eatre inclus dans cette liste automatique en raison de situations sp\u00e9cifiques<\/li>\n\n\n\n<li>Les personnes concern\u00e9es devront se signaler via le site officiel du ch\u00e8que \u00e9nergie ou par courrier postal<\/li>\n<\/ol>\n\n\n\n<p>Un dispositif sp\u00e9cifique sera \u00e9galement mis en place pour les b\u00e9n\u00e9ficiaires pr\u00e9c\u00e9dents sans compteur d&rsquo;\u00e9lectricit\u00e9 \u00e0 leur nom, tels que <em>les r\u00e9sidents de logements sociaux ou d&rsquo;\u00e9tablissements d&rsquo;accueil pour personnes \u00e2g\u00e9es<\/em>, sous conditions de ressources.<\/p>\n\n\n\n<p>Le minist\u00e8re de l&rsquo;Business et des Finances pr\u00e9voit bient\u00f4t une r\u00e9union d&rsquo;information et une consultation publique pour expliquer ces nouvelles modalit\u00e9s. Ces ajustements visent \u00e0 mieux cibler les m\u00e9nages r\u00e9ellement \u00e9ligibles tout en pr\u00e9servant l&rsquo;accessibilit\u00e9 du dispositif pour les plus vuln\u00e9rables.<\/p>\n","protected":false},"excerpt":{"rendered":"<p>Le gouvernement fran\u00e7ais a r\u00e9cemment d\u00e9voil\u00e9 le calendrier d&rsquo;envoi des ch\u00e8ques \u00e9nergie pour l&rsquo;ann\u00e9e 2025. Cette ann\u00e9e, la distribution de cette aide cruciale, tant attendue par de nombreux foyers modestes, d\u00e9butera en novembre 2025, avec un retard significatif par rapport aux ann\u00e9es pr\u00e9c\u00e9dentes. Marc Ferracci, Ministre en charge de l&rsquo;Industrie et de l&rsquo;\u00c9nergie, a confirm\u00e9 [&hellip;]<\/p>\n","protected":false},"author":2,"featured_media":865,"comment_status":"open","ping_status":"open","sticky":false,"template":"","format":"standard","meta":{"_seopress_robots_primary_cat":"none","_seopress_titles_title":"","_seopress_titles_desc":"","_seopress_robots_index":"","footnotes":""},"categories":[7],"tags":[],"class_list":{"0":"post-864","1":"post","2":"type-post","3":"status-publish","4":"format-standard","5":"has-post-thumbnail","7":"category-societe"},"_links":{"self":[{"href":"https:\/\/www.lycee-eca.fr\/actu\/wp-json\/wp\/v2\/posts\/864","targetHints":{"allow":["GET"]}}],"collection":[{"href":"https:\/\/www.lycee-eca.fr\/actu\/wp-json\/wp\/v2\/posts"}],"about":[{"href":"https:\/\/www.lycee-eca.fr\/actu\/wp-json\/wp\/v2\/types\/post"}],"author":[{"embeddable":true,"href":"https:\/\/www.lycee-eca.fr\/actu\/wp-json\/wp\/v2\/users\/2"}],"replies":[{"embeddable":true,"href":"https:\/\/www.lycee-eca.fr\/actu\/wp-json\/wp\/v2\/comments?post=864"}],"version-history":[{"count":1,"href":"https:\/\/www.lycee-eca.fr\/actu\/wp-json\/wp\/v2\/posts\/864\/revisions"}],"predecessor-version":[{"id":1102,"href":"https:\/\/www.lycee-eca.fr\/actu\/wp-json\/wp\/v2\/posts\/864\/revisions\/1102"}],"wp:featuredmedia":[{"embeddable":true,"href":"https:\/\/www.lycee-eca.fr\/actu\/wp-json\/wp\/v2\/media\/865"}],"wp:attachment":[{"href":"https:\/\/www.lycee-eca.fr\/actu\/wp-json\/wp\/v2\/media?parent=864"}],"wp:term":[{"taxonomy":"category","embeddable":true,"href":"https:\/\/www.lycee-eca.fr\/actu\/wp-json\/wp\/v2\/categories?post=864"},{"taxonomy":"post_tag","embeddable":true,"href":"https:\/\/www.lycee-eca.fr\/actu\/wp-json\/wp\/v2\/tags?post=864"}],"curies":[{"name":"wp","href":"https:\/\/api.w.org\/{rel}","templated":true}]}}