{"id":896,"date":"2025-08-22T10:32:00","date_gmt":"2025-08-22T08:32:00","guid":{"rendered":"https:\/\/www.lycee-eca.fr\/actu\/?p=896"},"modified":"2025-08-22T02:36:20","modified_gmt":"2025-08-22T00:36:20","slug":"ils-ont-arrache-la-tele-du-mur-a-leur-retour-de-vacances-ce-couple-decouvre-des-squatteurs-dans-sa-maison","status":"publish","type":"post","link":"https:\/\/www.lycee-eca.fr\/actu\/ils-ont-arrache-la-tele-du-mur-a-leur-retour-de-vacances-ce-couple-decouvre-des-squatteurs-dans-sa-maison\/","title":{"rendered":"\u00ab\u00a0Ils ont arrach\u00e9 la t\u00e9l\u00e9 du mur\u00a0\u00bb : \u00e0 leur retour de vacances, ce couple d\u00e9couvre des squatteurs dans sa maison"},"content":{"rendered":"\n<p>Un couple de Vigneux-sur-Seine a v\u00e9cu un v\u00e9ritable cauchemar en rentrant de vacances pour d\u00e9couvrir leur domicile occup\u00e9 et saccag\u00e9, mettant en lumi\u00e8re la probl\u00e9matique persistante des <strong>occupations ill\u00e9gales de logements<\/strong> malgr\u00e9 les mesures l\u00e9gales plus strictes.<\/p>\n\n\n\n<h2 class=\"wp-block-heading\">Surprise d\u00e9sagr\u00e9able apr\u00e8s les vacances<\/h2>\n\n\n\n<p>Le 18 avril 2025, le retour de vacances a vir\u00e9 au cauchemar pour des propri\u00e9taires essonniens \u00e0 Vigneux-sur-Seine. En ouvrant la porte de leur maison, ils ont \u00e9t\u00e9 confront\u00e9s \u00e0 un intrus \u00e0 l&rsquo;int\u00e9rieur.<\/p>\n\n\n\n<p>Le mari a t\u00e9moign\u00e9 : \u00ab\u00a0L&rsquo;un des squatteurs \u00e9tait encore l\u00e0 quand nous sommes rentr\u00e9s. Il s&rsquo;est enfui par la fen\u00eatre en nous voyant.\u00a0\u00bb Les <strong>d\u00e9g\u00e2ts constat\u00e9s \u00e0 l&rsquo;int\u00e9rieur<\/strong> ont r\u00e9v\u00e9l\u00e9 l&rsquo;\u00e9tendue des d\u00e9g\u00e2ts.<\/p>\n\n\n\n<p>Les squatteurs avaient pris leurs aises pendant plusieurs jours, occupant deux chambres et laissant derri\u00e8re eux un spectacle de destruction. La t\u00e9l\u00e9vision arrach\u00e9e du mur, les placards forc\u00e9s et les objets personnels vol\u00e9s t\u00e9moignaient d&rsquo;une intrusion prolong\u00e9e et dommageable.<\/p>\n\n\n\n<p>Les objets vol\u00e9s comprenaient notamment :<\/p>\n\n\n\n<ul class=\"wp-block-list\">\n<li>Sacs personnels<\/li>\n\n\n\n<li>Robot de cuisine haut de gamme<\/li>\n\n\n\n<li>Divers objets de valeur<\/li>\n\n\n\n<li>Effets personnels<\/li>\n<\/ul>\n\n\n\n<p>Cette situation, bien que dramatique, n&rsquo;est malheureusement pas un cas isol\u00e9 malgr\u00e9 la <em>loi de juillet 2023 contre l&rsquo;occupation illicite des logements<\/em>.<\/p>\n\n\n\n<h2 class=\"wp-block-heading\">Erreur fatale et preuves accablantes<\/h2>\n\n\n\n<p>L&rsquo;enqu\u00eate sur cette occupation ill\u00e9gale a avanc\u00e9 rapidement gr\u00e2ce \u00e0 une erreur monumentale commise par l&rsquo;un des squatteurs. En fuyant, il a laiss\u00e9 sa <strong>carte d&rsquo;identit\u00e9 tunisienne<\/strong> sur les lieux, facilitant son identification.<\/p>\n\n\n\n<p>Le propri\u00e9taire a expliqu\u00e9 : \u00ab\u00a0Ma compagne a trouv\u00e9 une pi\u00e8ce d&rsquo;identit\u00e9 tunisienne. Nous l&rsquo;avons remise aux autorit\u00e9s.\u00a0\u00bb Cette preuve, associ\u00e9e \u00e0 des analyses scientifiques, a \u00e9t\u00e9 d\u00e9terminante.<\/p>\n\n\n\n<p>Confront\u00e9 \u00e0 cette preuve lors de son proc\u00e8s le 20 mai 2025, le suspect a tent\u00e9 une d\u00e9fense peu convaincante : \u00ab\u00a0Ce n&rsquo;\u00e9tait pas moi, Madame. On m&rsquo;a vol\u00e9 mon sac avec mes papiers \u00e0 la gare de Juvisy-sur-Orge. Je n&rsquo;ai jamais \u00e9t\u00e9 dans cette maison.\u00a0\u00bb<\/p>\n\n\n\n<p>L&rsquo;analyse ADN d&rsquo;un m\u00e9got de cigarette trouv\u00e9 sur place a compliqu\u00e9 sa d\u00e9fense. Les preuves recueillies ont \u00e9t\u00e9 sans \u00e9quivoque :<\/p>\n\n\n\n<figure class=\"wp-block-table\"><table class=\"has-fixed-layout\"><tbody><tr><th>\u00c9l\u00e9ments de preuve<\/th><th>Port\u00e9e juridique<\/th><\/tr><tr><td>Carte d&rsquo;identit\u00e9<\/td><td>Identification formelle<\/td><\/tr><tr><td>Analyse ADN sur m\u00e9got<\/td><td>Preuve de pr\u00e9sence<\/td><\/tr><tr><td>T\u00e9moignage des propri\u00e9taires<\/td><td>Confirmation visuelle<\/td><\/tr><tr><td>R\u00e9cidive constat\u00e9e<\/td><td>Circonstance aggravante<\/td><\/tr><\/tbody><\/table><\/figure>\n\n\n\n<h2 class=\"wp-block-heading\">Justice et sanctions exemplaires<\/h2>\n\n\n\n<p>Le tribunal d&rsquo;\u00c9vry-Courcouronnes a prononc\u00e9 son verdict face \u00e0 des faits accablants. L&rsquo;accus\u00e9 principal, r\u00e9cidiviste, a \u00e9t\u00e9 <strong>condamn\u00e9 \u00e0 six mois de prison ferme<\/strong> avec mandat de d\u00e9p\u00f4t imm\u00e9diat.<\/p>\n\n\n\n<p>Le complice a \u00e9galement \u00e9t\u00e9 condamn\u00e9 pour une seconde effraction le 19 mai 2025 dans une autre maison de Vigneux-sur-Seine, \u00e9copant de quatre mois de prison ferme avec mandat de d\u00e9p\u00f4t.<\/p>\n\n\n\n<p>Cette affaire souligne l&rsquo;importance des <em>mesures de s\u00e9curit\u00e9 pendant les absences prolong\u00e9es<\/em>. Malgr\u00e9 les sanctions renforc\u00e9es par la loi de 2023, la vigilance reste de mise pour prot\u00e9ger son domicile, surtout pendant les vacances.<\/p>\n","protected":false},"excerpt":{"rendered":"<p>Un couple de Vigneux-sur-Seine a v\u00e9cu un v\u00e9ritable cauchemar en rentrant de vacances pour d\u00e9couvrir leur domicile occup\u00e9 et saccag\u00e9, mettant en lumi\u00e8re la probl\u00e9matique persistante des occupations ill\u00e9gales de logements malgr\u00e9 les mesures l\u00e9gales plus strictes. Surprise d\u00e9sagr\u00e9able apr\u00e8s les vacances Le 18 avril 2025, le retour de vacances a vir\u00e9 au cauchemar pour [&hellip;]<\/p>\n","protected":false},"author":2,"featured_media":897,"comment_status":"open","ping_status":"open","sticky":false,"template":"","format":"standard","meta":{"_seopress_robots_primary_cat":"","_seopress_titles_title":"","_seopress_titles_desc":"","_seopress_robots_index":"","footnotes":""},"categories":[12],"tags":[],"class_list":{"0":"post-896","1":"post","2":"type-post","3":"status-publish","4":"format-standard","5":"has-post-thumbnail","7":"category-loisirs"},"_links":{"self":[{"href":"https:\/\/www.lycee-eca.fr\/actu\/wp-json\/wp\/v2\/posts\/896","targetHints":{"allow":["GET"]}}],"collection":[{"href":"https:\/\/www.lycee-eca.fr\/actu\/wp-json\/wp\/v2\/posts"}],"about":[{"href":"https:\/\/www.lycee-eca.fr\/actu\/wp-json\/wp\/v2\/types\/post"}],"author":[{"embeddable":true,"href":"https:\/\/www.lycee-eca.fr\/actu\/wp-json\/wp\/v2\/users\/2"}],"replies":[{"embeddable":true,"href":"https:\/\/www.lycee-eca.fr\/actu\/wp-json\/wp\/v2\/comments?post=896"}],"version-history":[{"count":1,"href":"https:\/\/www.lycee-eca.fr\/actu\/wp-json\/wp\/v2\/posts\/896\/revisions"}],"predecessor-version":[{"id":1021,"href":"https:\/\/www.lycee-eca.fr\/actu\/wp-json\/wp\/v2\/posts\/896\/revisions\/1021"}],"wp:featuredmedia":[{"embeddable":true,"href":"https:\/\/www.lycee-eca.fr\/actu\/wp-json\/wp\/v2\/media\/897"}],"wp:attachment":[{"href":"https:\/\/www.lycee-eca.fr\/actu\/wp-json\/wp\/v2\/media?parent=896"}],"wp:term":[{"taxonomy":"category","embeddable":true,"href":"https:\/\/www.lycee-eca.fr\/actu\/wp-json\/wp\/v2\/categories?post=896"},{"taxonomy":"post_tag","embeddable":true,"href":"https:\/\/www.lycee-eca.fr\/actu\/wp-json\/wp\/v2\/tags?post=896"}],"curies":[{"name":"wp","href":"https:\/\/api.w.org\/{rel}","templated":true}]}}