{"id":910,"date":"2025-09-05T11:02:00","date_gmt":"2025-09-05T09:02:00","guid":{"rendered":"https:\/\/www.lycee-eca.fr\/actu\/?p=910"},"modified":"2025-09-03T18:33:49","modified_gmt":"2025-09-03T16:33:49","slug":"adieu-les-sieges-auto-traditionnels-lue-confirme-le-changement-et-cest-officiel","status":"publish","type":"post","link":"https:\/\/www.lycee-eca.fr\/actu\/adieu-les-sieges-auto-traditionnels-lue-confirme-le-changement-et-cest-officiel\/","title":{"rendered":"Adieu les si\u00e8ges auto traditionnels : l\u2019UE confirme le changement et c\u2019est officiel"},"content":{"rendered":"\n<p>Les r\u00e8gles europ\u00e9ennes concernant les <strong>syst\u00e8mes de retenue pour enfants<\/strong> \u00e9voluent de mani\u00e8re importante. \u00c0 partir de septembre 2025, les parents devront se conformer \u00e0 de nouvelles normes visant \u00e0 accro\u00eetre la s\u00e9curit\u00e9 des enfants lorsqu&rsquo;ils voyagent en voiture. Ces changements portent principalement sur les crit\u00e8res de choix des si\u00e8ges auto et les positions recommand\u00e9es pour les b\u00e9b\u00e9s.<\/p>\n\n\n\n<h2 class=\"wp-block-heading\">La r\u00e9volution i-Size dans la s\u00e9curit\u00e9 routi\u00e8re des enfants<\/h2>\n\n\n\n<p>L&rsquo;Union europ\u00e9enne a adopt\u00e9 la norme ECE R129, connue sous le nom d&rsquo;<strong>i-Size<\/strong>, en remplacement de la norme R44 pr\u00e9c\u00e9demment en vigueur. Ce changement majeur transforme l&rsquo;approche de la s\u00e9curit\u00e9 des enfants en voiture en privil\u00e9giant la taille plut\u00f4t que le poids.<\/p>\n\n\n\n<p>D\u00e8s septembre, les parents choisiront les <strong>si\u00e8ges auto appropri\u00e9s<\/strong> en fonction de la taille de leur enfant exprim\u00e9e en centim\u00e8tres. Cette approche simplifi\u00e9e r\u00e9duit consid\u00e9rablement les risques d&rsquo;erreurs lors de l&rsquo;achat et de l&rsquo;installation des dispositifs de retenue.<\/p>\n\n\n\n<p>Les exigences en mati\u00e8re de s\u00e9curit\u00e9 sont renforc\u00e9es avec des tests plus rigoureux impos\u00e9s aux fabricants :<\/p>\n\n\n\n<ul class=\"wp-block-list\">\n<li>Tests de collision frontale \u00e0 50 km\/h<\/li>\n\n\n\n<li>Simulations d&rsquo;impact arri\u00e8re \u00e0 30 km\/h<\/li>\n\n\n\n<li>\u00c9valuations d&rsquo;impact lat\u00e9ral (nouveaut\u00e9)<\/li>\n\n\n\n<li>Contr\u00f4les de r\u00e9sistance en conditions r\u00e9elles<\/li>\n<\/ul>\n\n\n\n<p>La transition vers cette nouvelle norme se fera progressivement. Les propri\u00e9taires de si\u00e8ges homologu\u00e9s R44\/04 pourront les utiliser pendant <em>huit ans<\/em> \u00e0 condition qu&rsquo;ils restent en bon \u00e9tat et conformes aux normes de s\u00e9curit\u00e9.<\/p>\n\n\n\n<h2 class=\"wp-block-heading\">Obligation de voyager dos \u00e0 la route pour les jeunes enfants<\/h2>\n\n\n\n<p>Une des principales mesures de cette r\u00e9forme europ\u00e9enne est l&rsquo;obligation pour les enfants de moins de 15 mois de voyager <strong>dos \u00e0 la route<\/strong>. Cette d\u00e9cision est bas\u00e9e sur des \u00e9tudes scientifiques d\u00e9montrant une r\u00e9duction significative des risques de blessures graves en cas d&rsquo;accident.<\/p>\n\n\n\n<p>Des recherches men\u00e9es par divers organismes, dont l&rsquo;Organisation mondiale de la sant\u00e9, confirment que cette position offre une protection optimale aux nourrissons plus vuln\u00e9rables aux chocs en raison de leur d\u00e9veloppement physique. Cette r\u00e9glementation concerne tous les enfants mesurant moins de 150 cm.<\/p>\n\n\n\n<p>Face \u00e0 ces nouvelles exigences, les fabricants de si\u00e8ges auto adaptent leurs gammes pour proposer des <em>mod\u00e8les dos \u00e0 la route<\/em> plus ergonomiques et confortables, facilitant ainsi la transition pour les parents r\u00e9ticents au changement.<\/p>\n\n\n\n<h3 class=\"wp-block-heading\">Comparaison entre les normes R44 et i-Size<\/h3>\n\n\n\n<figure class=\"wp-block-table\"><table class=\"has-fixed-layout\"><tbody><tr><th>Crit\u00e8re<\/th><th>Norme R44<\/th><th>Norme i-Size (R129)<\/th><\/tr><tr><td>Classification<\/td><td>Bas\u00e9e sur le poids<\/td><td>Bas\u00e9e sur la taille<\/td><\/tr><tr><td>Position dos \u00e0 la route<\/td><td>Recommand\u00e9e<\/td><td>Obligatoire jusqu&rsquo;\u00e0 15 mois<\/td><\/tr><tr><td>Tests d&rsquo;impact lat\u00e9ral<\/td><td>Non obligatoires<\/td><td>Obligatoires<\/td><\/tr><tr><td>P\u00e9riode de transition<\/td><td>Utilisation autoris\u00e9e pendant 8 ans<\/td><td>Application imm\u00e9diate<\/td><\/tr><\/tbody><\/table><\/figure>\n\n\n\n<h2 class=\"wp-block-heading\">Renforcement de la s\u00e9curit\u00e9 des jeunes passagers<\/h2>\n\n\n\n<p>L&rsquo;harmonisation des crit\u00e8res de choix des si\u00e8ges auto \u00e0 l&rsquo;\u00e9chelle europ\u00e9enne garantira une protection optimale pour tous les enfants. La simplification du processus de s\u00e9lection bas\u00e9 sur la taille aidera les parents \u00e0 trouver plus facilement le si\u00e8ge adapt\u00e9 \u00e0 leur enfant.<\/p>\n\n\n\n<p>Le calendrier de mise en \u0153uvre de ces nouvelles mesures pr\u00e9voit la disparition progressive des mod\u00e8les homologu\u00e9s R44 dans les magasins, qu&rsquo;il s&rsquo;agisse de produits neufs ou d&rsquo;occasion. Les consommateurs devront se tourner vers les <em>dispositifs conformes \u00e0 la norme i-Size<\/em>.<\/p>\n\n\n\n<p>Cette r\u00e9forme s&rsquo;inscrit dans une d\u00e9marche globale visant \u00e0 standardiser les normes de s\u00e9curit\u00e9 routi\u00e8re pour les enfants \u00e0 travers l&rsquo;Union europ\u00e9enne. Au-del\u00e0 des aspects techniques, elle sensibilise \u00e9galement les parents \u00e0 l&rsquo;importance cruciale d&rsquo;un \u00e9quipement adapt\u00e9 et correctement install\u00e9.<\/p>\n\n\n\n<p>Ainsi, la s\u00e9curit\u00e9 des enfants en voiture franchit une nouvelle \u00e9tape avec des exigences plus strictes mais aussi plus claires pour tous. Cette \u00e9volution repr\u00e9sente un progr\u00e8s significatif pour r\u00e9duire les risques lors des trajets en famille et pr\u00e9server des vies sur les routes europ\u00e9ennes.<\/p>\n","protected":false},"excerpt":{"rendered":"<p>Les r\u00e8gles europ\u00e9ennes concernant les syst\u00e8mes de retenue pour enfants \u00e9voluent de mani\u00e8re importante. \u00c0 partir de septembre 2025, les parents devront se conformer \u00e0 de nouvelles normes visant \u00e0 accro\u00eetre la s\u00e9curit\u00e9 des enfants lorsqu&rsquo;ils voyagent en voiture. Ces changements portent principalement sur les crit\u00e8res de choix des si\u00e8ges auto et les positions recommand\u00e9es [&hellip;]<\/p>\n","protected":false},"author":2,"featured_media":911,"comment_status":"open","ping_status":"open","sticky":false,"template":"","format":"standard","meta":{"_seopress_robots_primary_cat":"","_seopress_titles_title":"","_seopress_titles_desc":"","_seopress_robots_index":"","footnotes":""},"categories":[8],"tags":[],"class_list":{"0":"post-910","1":"post","2":"type-post","3":"status-publish","4":"format-standard","5":"has-post-thumbnail","7":"category-consommation"},"_links":{"self":[{"href":"https:\/\/www.lycee-eca.fr\/actu\/wp-json\/wp\/v2\/posts\/910","targetHints":{"allow":["GET"]}}],"collection":[{"href":"https:\/\/www.lycee-eca.fr\/actu\/wp-json\/wp\/v2\/posts"}],"about":[{"href":"https:\/\/www.lycee-eca.fr\/actu\/wp-json\/wp\/v2\/types\/post"}],"author":[{"embeddable":true,"href":"https:\/\/www.lycee-eca.fr\/actu\/wp-json\/wp\/v2\/users\/2"}],"replies":[{"embeddable":true,"href":"https:\/\/www.lycee-eca.fr\/actu\/wp-json\/wp\/v2\/comments?post=910"}],"version-history":[{"count":1,"href":"https:\/\/www.lycee-eca.fr\/actu\/wp-json\/wp\/v2\/posts\/910\/revisions"}],"predecessor-version":[{"id":1208,"href":"https:\/\/www.lycee-eca.fr\/actu\/wp-json\/wp\/v2\/posts\/910\/revisions\/1208"}],"wp:featuredmedia":[{"embeddable":true,"href":"https:\/\/www.lycee-eca.fr\/actu\/wp-json\/wp\/v2\/media\/911"}],"wp:attachment":[{"href":"https:\/\/www.lycee-eca.fr\/actu\/wp-json\/wp\/v2\/media?parent=910"}],"wp:term":[{"taxonomy":"category","embeddable":true,"href":"https:\/\/www.lycee-eca.fr\/actu\/wp-json\/wp\/v2\/categories?post=910"},{"taxonomy":"post_tag","embeddable":true,"href":"https:\/\/www.lycee-eca.fr\/actu\/wp-json\/wp\/v2\/tags?post=910"}],"curies":[{"name":"wp","href":"https:\/\/api.w.org\/{rel}","templated":true}]}}