{"id":918,"date":"2025-08-28T11:41:00","date_gmt":"2025-08-28T09:41:00","guid":{"rendered":"https:\/\/www.lycee-eca.fr\/actu\/?p=918"},"modified":"2025-08-28T15:27:28","modified_gmt":"2025-08-28T13:27:28","slug":"thierry-lhermitte-isole-cette-maison-survivaliste-dans-les-bois-ou-il-a-trouve-refuge-avec-sa-femme","status":"publish","type":"post","link":"https:\/\/www.lycee-eca.fr\/actu\/thierry-lhermitte-isole-cette-maison-survivaliste-dans-les-bois-ou-il-a-trouve-refuge-avec-sa-femme\/","title":{"rendered":"Thierry Lhermitte \u00ab\u00a0isol\u00e9\u00a0\u00bb : cette maison \u00ab\u00a0survivaliste\u00a0\u00bb dans les bois o\u00f9 il a trouv\u00e9 refuge avec sa femme"},"content":{"rendered":"\n<p>Au c\u0153ur des montagnes cantaliennes, <strong>Thierry Lhermitte et son \u00e9pouse H\u00e9l\u00e8ne<\/strong> ont d\u00e9couvert leur refuge paisible. \u00c9loign\u00e9 de l&rsquo;agitation parisienne et des feux de la rampe, le com\u00e9dien de 70 ans a r\u00e9alis\u00e9 son \u00ab\u00a0r\u00eave survivaliste\u00a0\u00bb en s&rsquo;installant dans une demeure nich\u00e9e en pleine nature. Ce choix refl\u00e8te son profond attachement \u00e0 l&rsquo;environnement naturel et son besoin d&rsquo;authenticit\u00e9.<\/p>\n\n\n\n<h2 class=\"wp-block-heading\">La qu\u00eate d&rsquo;un havre naturel par Thierry Lhermitte<\/h2>\n\n\n\n<p>Malgr\u00e9 ses origines \u00e0 Boulogne-Billancourt, <strong>Thierry Lhermitte a toujours eu une affinit\u00e9 particuli\u00e8re avec la vie \u00e0 la campagne<\/strong>. Cette connexion profonde l&rsquo;a conduit \u00e0 rechercher un lieu en ad\u00e9quation avec ses aspirations naturelles. \u00ab\u00a0Je cherchais, dans une sorte de fantasme survivaliste, un endroit avec des prairies, des for\u00eats et de l&rsquo;eau\u00a0\u00bb, a confi\u00e9 l&rsquo;acteur lors d&rsquo;une interview avec France 3.<\/p>\n\n\n\n<p>Cette qu\u00eate l&rsquo;a men\u00e9 dans le Cantal, plus pr\u00e9cis\u00e9ment \u00e0 <em>Champs-sur-Tarentaine<\/em>, dans la r\u00e9gion de l&rsquo;Artense au nord du d\u00e9partement. \u00ab\u00a0J&rsquo;appr\u00e9cie le Cantal car c&rsquo;est un d\u00e9partement \u00e0 la fois isol\u00e9 et magnifique\u00a0\u00bb, s&rsquo;enthousiasme le com\u00e9dien, s\u00e9duit par l&rsquo;authenticit\u00e9 pr\u00e9serv\u00e9e de cette r\u00e9gion.<\/p>\n\n\n\n<p>Trouver cet endroit id\u00e9al n&rsquo;a pas \u00e9t\u00e9 ais\u00e9. Comme il l&rsquo;a soulign\u00e9 lui-m\u00eame : \u00ab\u00a0Ce n&rsquo;est pas simple \u00e0 d\u00e9nicher. On trouve souvent deux des trois \u00e9l\u00e9ments.\u00a0\u00bb Cette qu\u00eate illustre la d\u00e9termination de l&rsquo;artiste \u00e0 trouver un environnement correspondant parfaitement \u00e0 sa vision d&rsquo;un refuge naturel.<\/p>\n\n\n\n<figure class=\"wp-block-table\"><table class=\"has-fixed-layout\"><tbody><tr><th>Crit\u00e8res recherch\u00e9s<\/th><th>Pr\u00e9sence dans le Cantal<\/th><\/tr><tr><td>Pr\u00e9s<\/td><td>Oui<\/td><\/tr><tr><td>For\u00eat<\/td><td>Oui<\/td><\/tr><tr><td>Eau<\/td><td>Oui<\/td><\/tr><tr><td>Isolement<\/td><td>Oui<\/td><\/tr><\/tbody><\/table><\/figure>\n\n\n\n<h2 class=\"wp-block-heading\">Une immersion profonde dans la nature cantalienne<\/h2>\n\n\n\n<p>Dans ce cadre verdoyant, <strong>l&rsquo;acteur des Bronz\u00e9s font du Ski se consacre \u00e0 sa passion pour les activit\u00e9s en plein air<\/strong>. Les paysages spectaculaires du Cantal offrent un terrain propice aux randonn\u00e9es, une activit\u00e9 qu&rsquo;il affectionne particuli\u00e8rement. Depuis une dizaine d&rsquo;ann\u00e9es, il pratique r\u00e9guli\u00e8rement l&rsquo;\u00e9quitation avec ses proches, profitant de la beaut\u00e9 remarquable des lieux.<\/p>\n\n\n\n<p>Cette immersion dans la nature cantalienne permet \u00e0 Thierry Lhermitte de se ressourcer profond\u00e9ment. \u00c9loign\u00e9 du stress parisien, <em>il trouve dans ces montagnes l&rsquo;\u00e9quilibre essentiel \u00e0 son bien-\u00eatre personnel et professionnel<\/em>. Cette reconnexion avec les \u00e9l\u00e9ments naturels constitue un pilier important dans la vie de l&rsquo;acteur.<\/p>\n\n\n\n<p>Les activit\u00e9s pratiqu\u00e9es par Thierry Lhermitte dans le Cantal incluent :<\/p>\n\n\n\n<ul class=\"wp-block-list\">\n<li>Randonn\u00e9es \u00e0 cheval \u00e0 travers les vall\u00e9es<\/li>\n\n\n\n<li>Promenades dans les for\u00eats environnantes<\/li>\n\n\n\n<li>Contemplation des paysages volcaniques<\/li>\n\n\n\n<li>Moments de partage avec ses proches dans ce cadre pr\u00e9serv\u00e9<\/li>\n<\/ul>\n\n\n\n<h2 class=\"wp-block-heading\">Une retraite enrichissante pour l&rsquo;homme et l&rsquo;artiste<\/h2>\n\n\n\n<p>\u00c0 70 ans, <strong>Thierry Lhermitte brille toujours dans le paysage cin\u00e9matographique fran\u00e7ais<\/strong>. Sa long\u00e9vit\u00e9 artistique remarquable s&rsquo;explique en partie par l&rsquo;\u00e9quilibre qu&rsquo;il a su instaurer dans sa vie personnelle. Sa famille unie, ses amiti\u00e9s fid\u00e8les et ce lien privil\u00e9gi\u00e9 avec la nature cantalienne sont les piliers de son bien-\u00eatre.<\/p>\n\n\n\n<p>Apr\u00e8s avoir c\u00e9l\u00e9br\u00e9 ses 50 ans de carri\u00e8re, l&rsquo;acteur embl\u00e9matique du <em>D\u00eener de cons<\/em> poursuit son chemin avec passion et d\u00e9vouement. Sa r\u00e9cente collaboration avec Patrick Timsit dans le film <em>Sexyg\u00e9naires<\/em> de Robin Sykes t\u00e9moigne de sa vitalit\u00e9 artistique. Ce long-m\u00e9trage, abordant les th\u00e8mes de l&rsquo;\u00e2ge et de la vieillesse, r\u00e9sonne avec certaines r\u00e9flexions personnelles de l&rsquo;acteur.<\/p>\n\n\n\n<p>Cette demeure \u00ab\u00a0survivaliste\u00a0\u00bb dans le Cantal repr\u00e9sente bien plus qu&rsquo;une r\u00e9sidence secondaire pour Thierry Lhermitte. Elle incarne un mode de vie, une philosophie o\u00f9 <strong>l&rsquo;harmonie avec la nature est une valeur essentielle<\/strong>. Ce refuge forestier, partag\u00e9 avec son \u00e9pouse H\u00e9l\u00e8ne, lui permet de cultiver cette simplicit\u00e9 qu&rsquo;il a toujours privil\u00e9gi\u00e9e, loin des strass du monde du spectacle.<\/p>\n\n\n\n<p>Dans cet environnement pr\u00e9serv\u00e9, l&rsquo;acteur peut ainsi alterner entre p\u00e9riodes de cr\u00e9ation artistique intense et moments de ressourcement profond, pr\u00e9servant intacte sa singularit\u00e9 dans le paysage culturel fran\u00e7ais.<\/p>\n","protected":false},"excerpt":{"rendered":"<p>Au c\u0153ur des montagnes cantaliennes, Thierry Lhermitte et son \u00e9pouse H\u00e9l\u00e8ne ont d\u00e9couvert leur refuge paisible. \u00c9loign\u00e9 de l&rsquo;agitation parisienne et des feux de la rampe, le com\u00e9dien de 70 ans a r\u00e9alis\u00e9 son \u00ab\u00a0r\u00eave survivaliste\u00a0\u00bb en s&rsquo;installant dans une demeure nich\u00e9e en pleine nature. Ce choix refl\u00e8te son profond attachement \u00e0 l&rsquo;environnement naturel et [&hellip;]<\/p>\n","protected":false},"author":2,"featured_media":919,"comment_status":"open","ping_status":"open","sticky":false,"template":"","format":"standard","meta":{"_seopress_robots_primary_cat":"none","_seopress_titles_title":"","_seopress_titles_desc":"","_seopress_robots_index":"","footnotes":""},"categories":[12],"tags":[],"class_list":{"0":"post-918","1":"post","2":"type-post","3":"status-publish","4":"format-standard","5":"has-post-thumbnail","7":"category-loisirs"},"_links":{"self":[{"href":"https:\/\/www.lycee-eca.fr\/actu\/wp-json\/wp\/v2\/posts\/918","targetHints":{"allow":["GET"]}}],"collection":[{"href":"https:\/\/www.lycee-eca.fr\/actu\/wp-json\/wp\/v2\/posts"}],"about":[{"href":"https:\/\/www.lycee-eca.fr\/actu\/wp-json\/wp\/v2\/types\/post"}],"author":[{"embeddable":true,"href":"https:\/\/www.lycee-eca.fr\/actu\/wp-json\/wp\/v2\/users\/2"}],"replies":[{"embeddable":true,"href":"https:\/\/www.lycee-eca.fr\/actu\/wp-json\/wp\/v2\/comments?post=918"}],"version-history":[{"count":1,"href":"https:\/\/www.lycee-eca.fr\/actu\/wp-json\/wp\/v2\/posts\/918\/revisions"}],"predecessor-version":[{"id":1104,"href":"https:\/\/www.lycee-eca.fr\/actu\/wp-json\/wp\/v2\/posts\/918\/revisions\/1104"}],"wp:featuredmedia":[{"embeddable":true,"href":"https:\/\/www.lycee-eca.fr\/actu\/wp-json\/wp\/v2\/media\/919"}],"wp:attachment":[{"href":"https:\/\/www.lycee-eca.fr\/actu\/wp-json\/wp\/v2\/media?parent=918"}],"wp:term":[{"taxonomy":"category","embeddable":true,"href":"https:\/\/www.lycee-eca.fr\/actu\/wp-json\/wp\/v2\/categories?post=918"},{"taxonomy":"post_tag","embeddable":true,"href":"https:\/\/www.lycee-eca.fr\/actu\/wp-json\/wp\/v2\/tags?post=918"}],"curies":[{"name":"wp","href":"https:\/\/api.w.org\/{rel}","templated":true}]}}